{"id":3482,"date":"2013-06-07T20:21:10","date_gmt":"2013-06-07T19:21:10","guid":{"rendered":"http:\/\/oskardahlbom.se\/blogg\/?p=3482"},"modified":"2013-06-07T20:21:10","modified_gmt":"2013-06-07T19:21:10","slug":"sommaren-2013","status":"publish","type":"post","link":"https:\/\/oskardahlbom.se\/blogg\/index.php\/2013\/06\/07\/sommaren-2013\/","title":{"rendered":"Sommaren 2013"},"content":{"rendered":"<p>Efter <a href=\"http:\/\/bisonblog.se\/2013\/01\/blogg100-andra-sommaren\/\">#blogg100<\/a> s\u00e5 gick luften ur mig totalt. Det var otroligt roligt att blogga varje dag, men ofta var det ocks\u00e5 riktigt pl\u00e5gsamt. Att skriva om n\u00e5got n\u00e5gorlunda vettigt VARJE dag var m\u00f6dosamt, men jag fick samtidigt v\u00e4ldigt mycket sagt och gjort om mitt liv. Jag har aldrig designat s\u00e5 mycket som under den tiden, och det var v\u00e4ldigt roligt att skriva om utvecklingen av Kallbryggt Kaffi.<\/p>\n<p>Men hur gick det sen?<\/p>\n<p style=\"text-align: left;\">Jo tack, <a href=\"http:\/\/www.kraenku.se\/2013\/05\/nyhet-kallbryggt-kaffi\/\">Kaffit<\/a> blev varmt mottaget och s\u00e4ljer riktigt bra. Min lilla bebis har blivit stor! Kika g\u00e4rna p\u00e5 alla fina bilder fr\u00e5n kunder som jag samlat p\u00e5 <a href=\"http:\/\/pinterest.com\/kraenku\/kallbryggt-kaffi\/\">Pinterest<\/a>.<\/p>\n<p style=\"text-align: center;\"><img loading=\"lazy\" decoding=\"async\" class=\"aligncenter\" title=\"Kallbryggt Kaffi\" src=\"http:\/\/media-cache-ak2.pinimg.com\/736x\/d5\/88\/80\/d58880af4720d44d99240f26f80715c6.jpg\" alt=\"\" width=\"428\" height=\"428\" \/><\/p>\n<p>Kort d\u00e4refter lanserade Kr\u00e4nku tv\u00e5 stycken <a title=\"Kr\u00e4nkus iste\" href=\"http:\/\/www.kraenku.se\/2013\/05\/krankus-egna-iste\/\">isteer<\/a> som jag ocks\u00e5 arbetat med under en l\u00e4ngre tid. S\u00e5 nu \u00e4r v\u00e5r kyl full av riktigt l\u00e4skande och kylda drycker. Titta g\u00e4rna f\u00f6rbi <a href=\"http:\/\/www.kraenku.se\/butiken\/\">butiken<\/a> n\u00e4sta g\u00e5ng du \u00e4r i Visby!<\/p>\n<p style=\"text-align: center;\"><img loading=\"lazy\" decoding=\"async\" class=\"aligncenter\" title=\"Kr\u00e4nkus iste\" src=\"http:\/\/www.kraenku.se\/wp-content\/uploads\/Iste-2013-NYHET.png\" alt=\"\" width=\"409\" height=\"480\" \/><\/p>\n<p>Mina t-shirtdesigns som jag tog fram under #blogg100 har faktiskt s\u00e5lt lite ocks\u00e5. Jag gillar verkligen <a href=\"http:\/\/www.redbubble.com\/people\/oskardahlbom\/portfolio\">Redbubble<\/a> och kan varmt rekommendera alla (hobby)designers att l\u00e4gga upp lite arbeten d\u00e4r. Man v\u00e4ljer profiten sj\u00e4lv och handlar man sin egen design l\u00e4gger Redbubble sj\u00e4lvklart inte p\u00e5 n\u00e5got extra och man f\u00e5r en riktigt prisv\u00e4rd tr\u00f6ja. Man kan \u00e4ven l\u00e4gga upp designs privat och jag tycker det g\u00e5r betydligt snabbare och enklare \u00e4n t ex Spreadshirt. Tr\u00f6jor fr\u00e5n Redbubble och Threadless \u00e4r allt jag b\u00e4r dessa dagar.<\/p>\n<p style=\"text-align: center;\">\u00a0<a href=\"http:\/\/www.redbubble.com\/people\/oskardahlbom\/works\/10203592-im-nothing-without-my-banjo?c=203379-the-folk-series\"><img loading=\"lazy\" decoding=\"async\" class=\"aligncenter  wp-image-3484\" title=\"I'M NOTHING WITHOUT MY BANJO\" src=\"http:\/\/oskardahlbom.se\/blogg\/wp-content\/uploads\/2013\/06\/Sk\u00e4rmavbild-2013-06-07-kl.-21.18.21.png\" alt=\"I'M NOTHING WITHOUT MY BANJO\" width=\"424\" height=\"416\" srcset=\"https:\/\/oskardahlbom.se\/blogg\/wp-content\/uploads\/2013\/06\/Sk\u00e4rmavbild-2013-06-07-kl.-21.18.21.png 606w, https:\/\/oskardahlbom.se\/blogg\/wp-content\/uploads\/2013\/06\/Sk\u00e4rmavbild-2013-06-07-kl.-21.18.21-300x294.png 300w, https:\/\/oskardahlbom.se\/blogg\/wp-content\/uploads\/2013\/06\/Sk\u00e4rmavbild-2013-06-07-kl.-21.18.21-75x75.png 75w\" sizes=\"auto, (max-width: 424px) 100vw, 424px\" \/><\/a><\/p>\n<p>S\u00e5, nu ska jag f\u00f6rs\u00f6ka komma ur denna post-#blogg100-svacka och njuta av sommaren 2013. Du hittar mig troligen med en kall Kaffi eller iste i handen. Vi ses p\u00e5 Gotland!<\/p>\n","protected":false},"excerpt":{"rendered":"<p>Efter #blogg100 s\u00e5 gick luften ur mig totalt. Det var otroligt roligt att blogga varje dag, men ofta var det ocks\u00e5 riktigt pl\u00e5gsamt. Att skriva om n\u00e5got n\u00e5gorlunda vettigt VARJE dag var m\u00f6dosamt, men jag fick samtidigt v\u00e4ldigt mycket sagt och gjort om mitt liv. Jag har aldrig designat s\u00e5 mycket som under den tiden, [&hellip;]<\/p>\n","protected":false},"author":1,"featured_media":0,"comment_status":"open","ping_status":"open","sticky":false,"template":"","format":"standard","meta":{"footnotes":""},"categories":[285,9,1,275],"tags":[],"class_list":["post-3482","post","type-post","status-publish","format-standard","hentry","category-blogg100","category-design","category-funderingar","category-kaffe-2"],"_links":{"self":[{"href":"https:\/\/oskardahlbom.se\/blogg\/index.php\/wp-json\/wp\/v2\/posts\/3482","targetHints":{"allow":["GET"]}}],"collection":[{"href":"https:\/\/oskardahlbom.se\/blogg\/index.php\/wp-json\/wp\/v2\/posts"}],"about":[{"href":"https:\/\/oskardahlbom.se\/blogg\/index.php\/wp-json\/wp\/v2\/types\/post"}],"author":[{"embeddable":true,"href":"https:\/\/oskardahlbom.se\/blogg\/index.php\/wp-json\/wp\/v2\/users\/1"}],"replies":[{"embeddable":true,"href":"https:\/\/oskardahlbom.se\/blogg\/index.php\/wp-json\/wp\/v2\/comments?post=3482"}],"version-history":[{"count":4,"href":"https:\/\/oskardahlbom.se\/blogg\/index.php\/wp-json\/wp\/v2\/posts\/3482\/revisions"}],"predecessor-version":[{"id":3487,"href":"https:\/\/oskardahlbom.se\/blogg\/index.php\/wp-json\/wp\/v2\/posts\/3482\/revisions\/3487"}],"wp:attachment":[{"href":"https:\/\/oskardahlbom.se\/blogg\/index.php\/wp-json\/wp\/v2\/media?parent=3482"}],"wp:term":[{"taxonomy":"category","embeddable":true,"href":"https:\/\/oskardahlbom.se\/blogg\/index.php\/wp-json\/wp\/v2\/categories?post=3482"},{"taxonomy":"post_tag","embeddable":true,"href":"https:\/\/oskardahlbom.se\/blogg\/index.php\/wp-json\/wp\/v2\/tags?post=3482"}],"curies":[{"name":"wp","href":"https:\/\/api.w.org\/{rel}","templated":true}]}}