{"id":291,"date":"2009-12-27T22:59:00","date_gmt":"2009-12-27T21:59:00","guid":{"rendered":"http:\/\/oskardahlbom.se\/blogg\/index.php\/2009\/12\/27\/veckans-twitter-17\/"},"modified":"2009-12-27T22:59:00","modified_gmt":"2009-12-27T21:59:00","slug":"veckans-twitter-17","status":"publish","type":"post","link":"https:\/\/oskardahlbom.se\/blogg\/index.php\/2009\/12\/27\/veckans-twitter-17\/","title":{"rendered":"Veckans twitter"},"content":{"rendered":"<ul class=\"aktt_tweet_digest\">\n<li>@<a href=\"http:\/\/twitter.com\/gustavbates\" class=\"aktt_username\">gustavbates<\/a> Visst var det bra? Hade du n\u00e5gon favoritbit? <a href=\"http:\/\/twitter.com\/gustavbates\/statuses\/6873715958\" class=\"aktt_tweet_reply\">in reply to gustavbates<\/a> <a href=\"http:\/\/twitter.com\/oskardahlbom\/statuses\/6873771495\" class=\"aktt_tweet_time\">#<\/a><\/li>\n<li>@<a href=\"http:\/\/twitter.com\/gustavbates\" class=\"aktt_username\">gustavbates<\/a> Jag hade v\u00e4ldigt kul \u00e5t den sn\u00e4lla hajen och det latinska spr\u00e5ket. Men ja, v\u00e4ldigt mycket var ju lysande, s\u00e5 klart. <a href=\"http:\/\/twitter.com\/gustavbates\/statuses\/6874106310\" class=\"aktt_tweet_reply\">in reply to gustavbates<\/a> <a href=\"http:\/\/twitter.com\/oskardahlbom\/statuses\/6874524918\" class=\"aktt_tweet_time\">#<\/a><\/li>\n<li>@<a href=\"http:\/\/twitter.com\/gustavbates\" class=\"aktt_username\">gustavbates<\/a> Haha! Jag gjorde exakt likadant! Fotade min egen tweet och allt. Men s\u00e4mre platser + s\u00e4mre mobilkamera = d\u00e5lig bild f\u00f6r mig. <a href=\"http:\/\/twitter.com\/gustavbates\/statuses\/6874450241\" class=\"aktt_tweet_reply\">in reply to gustavbates<\/a> <a href=\"http:\/\/twitter.com\/oskardahlbom\/statuses\/6874604482\" class=\"aktt_tweet_time\">#<\/a><\/li>\n<li>@<a href=\"http:\/\/twitter.com\/tesas\" class=\"aktt_username\">tesas<\/a> Fy tusan! Stackars dig&#8230; F\u00f6rs\u00f6k suga p\u00e5 en isbit? <a href=\"http:\/\/twitter.com\/tesas\/statuses\/6874594240\" class=\"aktt_tweet_reply\">in reply to tesas<\/a> <a href=\"http:\/\/twitter.com\/oskardahlbom\/statuses\/6874632716\" class=\"aktt_tweet_time\">#<\/a><\/li>\n<li>@<a href=\"http:\/\/twitter.com\/tesas\" class=\"aktt_username\">tesas<\/a> Usch, usch. N\u00e4r man f\u00e5r ett getingstick hj\u00e4lper det att pulverisera en panodil och l\u00e4gga direkt p\u00e5 sticket. Testa n\u00e5got liknande? <a href=\"http:\/\/twitter.com\/tesas\/statuses\/6874665784\" class=\"aktt_tweet_reply\">in reply to tesas<\/a> <a href=\"http:\/\/twitter.com\/oskardahlbom\/statuses\/6874753212\" class=\"aktt_tweet_time\">#<\/a><\/li>\n<li>@<a href=\"http:\/\/twitter.com\/tesas\" class=\"aktt_username\">tesas<\/a> Ja, \u00e4ven d\u00e4r kan man ju suga lite p\u00e5 den och sen sv\u00e4lja. S\u00e5 angriper du fr\u00e5n alla h\u00e5ll. Hoppas det hj\u00e4lper! <a href=\"http:\/\/twitter.com\/tesas\/statuses\/6874793441\" class=\"aktt_tweet_reply\">in reply to tesas<\/a> <a href=\"http:\/\/twitter.com\/oskardahlbom\/statuses\/6874852604\" class=\"aktt_tweet_time\">#<\/a><\/li>\n<li>Min son \u00e4lskar v\u00f6rtbr\u00f6d. Jag har nog aldrig varit mer stolt \u00f6ver honom. <a href=\"http:\/\/twitter.com\/oskardahlbom\/statuses\/6888067970\" class=\"aktt_tweet_time\">#<\/a><\/li>\n<li><a href=\"http:\/\/twitpic.com\/ui4ss\" rel=\"nofollow\">http:\/\/twitpic.com\/ui4ss<\/a> &#8211; Min nya favoritaff\u00e4r! <a href=\"http:\/\/twitter.com\/oskardahlbom\/statuses\/6895675935\" class=\"aktt_tweet_time\">#<\/a><\/li>\n<li>@<a href=\"http:\/\/twitter.com\/gustavbates\" class=\"aktt_username\">gustavbates<\/a> Ja, han har smakl\u00f6kar som ett gastronomiskt geni. \ud83d\ude42 <a href=\"http:\/\/twitter.com\/gustavbates\/statuses\/6889099396\" class=\"aktt_tweet_reply\">in reply to gustavbates<\/a> <a href=\"http:\/\/twitter.com\/oskardahlbom\/statuses\/6898288846\" class=\"aktt_tweet_time\">#<\/a><\/li>\n<li>Det har han gjort &#8211;  RT @jerkernilsson74: @<a href=\"http:\/\/twitter.com\/Skrufve\" class=\"aktt_username\">Skrufve<\/a> Bra d\u00e4r! Skall du ta och dela med dig av din fina bakgrundsbild tro? <a href=\"http:\/\/twitter.com\/oskardahlbom\/statuses\/6924024941\" class=\"aktt_tweet_time\">#<\/a><\/li>\n<li>Nu beger vi oss ut p\u00e5 stan, sonen och jag, f\u00f6r de sista julklappsink\u00f6pen. Se upp! <a href=\"http:\/\/twitter.com\/oskardahlbom\/statuses\/6924449583\" class=\"aktt_tweet_time\">#<\/a><\/li>\n<li>@<a href=\"http:\/\/twitter.com\/Edborn\" class=\"aktt_username\">Edborn<\/a> Jag antar att den var god d\u00e5 allts\u00e5? \ud83d\ude09 <a href=\"http:\/\/twitter.com\/Edborn\/statuses\/6926062949\" class=\"aktt_tweet_reply\">in reply to Edborn<\/a> <a href=\"http:\/\/twitter.com\/oskardahlbom\/statuses\/6928333994\" class=\"aktt_tweet_time\">#<\/a><\/li>\n<li>Att-g\u00f6ra-listan inf\u00f6r julen \u00e4r l\u00e5ng. Tiden \u00e4r knapp. Endast tomten \u00e4r vaken. Osv osv&#8230; <a href=\"http:\/\/twitter.com\/oskardahlbom\/statuses\/6929054824\" class=\"aktt_tweet_time\">#<\/a><\/li>\n<li>@<a href=\"http:\/\/twitter.com\/stielli\" class=\"aktt_username\">stielli<\/a> Thailand? <a href=\"http:\/\/twitter.com\/stielli\/statuses\/6931172835\" class=\"aktt_tweet_reply\">in reply to stielli<\/a> <a href=\"http:\/\/twitter.com\/oskardahlbom\/statuses\/6931235749\" class=\"aktt_tweet_time\">#<\/a><\/li>\n<li>@<a href=\"http:\/\/twitter.com\/stielli\" class=\"aktt_username\">stielli<\/a> Vad roligt! H\u00e4lsa! <a href=\"http:\/\/twitter.com\/stielli\/statuses\/6931676232\" class=\"aktt_tweet_reply\">in reply to stielli<\/a> <a href=\"http:\/\/twitter.com\/oskardahlbom\/statuses\/6931943476\" class=\"aktt_tweet_time\">#<\/a><\/li>\n<li>Tre alldeles f\u00f6r stora uppgifter kvar p\u00e5 kv\u00e4llens to-do-list: V\u00e5ttorka golven. Kl\u00e4 granen. Fixa med klappar. Tror vi stryker det sista. <a href=\"http:\/\/twitter.com\/oskardahlbom\/statuses\/6939079046\" class=\"aktt_tweet_time\">#<\/a><\/li>\n<li>@<a href=\"http:\/\/twitter.com\/dafeld\" class=\"aktt_username\">dafeld<\/a> Det \u00e4r inget nederlag att anv\u00e4nda napp. Allra helst p\u00e5 nyf\u00f6dda \u00e4r ofta sugbehovet st\u00f6rre \u00e4n matbehovet. <a href=\"http:\/\/twitter.com\/oskardahlbom\/statuses\/6940831586\" class=\"aktt_tweet_time\">#<\/a><\/li>\n<li>@<a href=\"http:\/\/twitter.com\/dafeld\" class=\"aktt_username\">dafeld<\/a> Och STORT grattis till en underbar son! Jag har haft d\u00e5lig koll p\u00e5 mitt fl\u00f6de de senaste dagarna. Ove \u00e4r ett lysande namn. <a href=\"http:\/\/twitter.com\/oskardahlbom\/statuses\/6940921818\" class=\"aktt_tweet_time\">#<\/a><\/li>\n<li>@<a href=\"http:\/\/twitter.com\/dafeld\" class=\"aktt_username\">dafeld<\/a> Haha, ja min son \u00e4r 17 m\u00e5nader men jag anv\u00e4nder samma urs\u00e4kt \u00e4nd\u00e5. Underbara och tidskr\u00e4vande &#8211; barn i ett n\u00f6tskal. <a href=\"http:\/\/twitter.com\/dafeld\/statuses\/6941565288\" class=\"aktt_tweet_reply\">in reply to dafeld<\/a> <a href=\"http:\/\/twitter.com\/oskardahlbom\/statuses\/6941766596\" class=\"aktt_tweet_time\">#<\/a><\/li>\n<li>Jag \u00f6verv\u00e4ger att ta granen i morgon ist\u00e4llet. D\u00e5 \u00e4r det bara lite fix kvar, b\u00e4dda f\u00f6r familjen som kommer i natt. Och v\u00e5ttorka golven ja&#8230; <a href=\"http:\/\/twitter.com\/oskardahlbom\/statuses\/6942419826\" class=\"aktt_tweet_time\">#<\/a><\/li>\n<li>Jag skulle d\u00f6da f\u00f6r kall julmust just nu. D\u00f6da. Det \u00e4r ingen id\u00e9 att ge sig p\u00e5 jul\u00f6len s\u00e5 h\u00e4r dags, eller? <a href=\"http:\/\/twitter.com\/oskardahlbom\/statuses\/6943946030\" class=\"aktt_tweet_time\">#<\/a><\/li>\n<li>@<a href=\"http:\/\/twitter.com\/lowenhamn\" class=\"aktt_username\">lowenhamn<\/a> Det har du ju helt r\u00e4tt i. Fingrar lite p\u00e5 den ljusare &quot;vanliga&quot; \u00f6len nu. Det \u00e4r ju inte jul \u00e4n? \ud83d\ude42 <a href=\"http:\/\/twitter.com\/lowenhamn\/statuses\/6944010863\" class=\"aktt_tweet_reply\">in reply to lowenhamn<\/a> <a href=\"http:\/\/twitter.com\/oskardahlbom\/statuses\/6944062020\" class=\"aktt_tweet_time\">#<\/a><\/li>\n<li>@<a href=\"http:\/\/twitter.com\/gustavbates\" class=\"aktt_username\">gustavbates<\/a> Jo, det lutar v\u00e4l mer och mer \u00e5t det. Men jag \u00e4r t\u00f6rstig nu, s\u00e5 jag ska nog grunda med n\u00e5got ljusare f\u00f6rst. \ud83d\ude42 <a href=\"http:\/\/twitter.com\/oskardahlbom\/statuses\/6944612764\" class=\"aktt_tweet_time\">#<\/a><\/li>\n<li>@<a href=\"http:\/\/twitter.com\/lowenhamn\" class=\"aktt_username\">lowenhamn<\/a> Jag ocks\u00e5, det \u00e4r ju halva grejen med jul. Men nu funderar jag p\u00e5 om jag ska dricka _f\u00f6rsta_ \u00f6len vid midnatt. \u00c4r det smart? <a href=\"http:\/\/twitter.com\/lowenhamn\/statuses\/6944122107\" class=\"aktt_tweet_reply\">in reply to lowenhamn<\/a> <a href=\"http:\/\/twitter.com\/oskardahlbom\/statuses\/6944633296\" class=\"aktt_tweet_time\">#<\/a><\/li>\n<li>@<a href=\"http:\/\/twitter.com\/Pelletsmaskinen\" class=\"aktt_username\">Pelletsmaskinen<\/a> Fint med rim! Och ja, jag hade nappat direkt om det inte vore f\u00f6r avst\u00e5ndet och den d\u00e4r j\u00e4kla granen som ska kl\u00e4s. <a href=\"http:\/\/twitter.com\/Pelletsmaskinen\/statuses\/6944144165\" class=\"aktt_tweet_reply\">in reply to Pelletsmaskinen<\/a> <a href=\"http:\/\/twitter.com\/oskardahlbom\/statuses\/6944662107\" class=\"aktt_tweet_time\">#<\/a><\/li>\n<li>Nu blir det en jul\u00f6l \u00e4nd\u00e5. En iskall \u00c5bro Sigill ekologisk. Herregud vad gott! Sen ger jag mig p\u00e5 granen. <a href=\"http:\/\/twitter.com\/oskardahlbom\/statuses\/6944924447\" class=\"aktt_tweet_time\">#<\/a><\/li>\n<li>@<a href=\"http:\/\/twitter.com\/lowenhamn\" class=\"aktt_username\">lowenhamn<\/a> Haha, nej det verkar dumt. Jag kollar alltid NBA-basket n\u00e4r borde sova. Det slutar alltid med att jag lyssnar mer \u00e4n jag tittar. <a href=\"http:\/\/twitter.com\/lowenhamn\/statuses\/6944807383\" class=\"aktt_tweet_reply\">in reply to lowenhamn<\/a> <a href=\"http:\/\/twitter.com\/oskardahlbom\/statuses\/6944988732\" class=\"aktt_tweet_time\">#<\/a><\/li>\n<li><a href=\"http:\/\/twitpic.com\/upjle\" rel=\"nofollow\">http:\/\/twitpic.com\/upjle<\/a> &#8211; Sk\u00e5l v\u00e4nner! <a href=\"http:\/\/twitter.com\/oskardahlbom\/statuses\/6944993871\" class=\"aktt_tweet_time\">#<\/a><\/li>\n<li>@<a href=\"http:\/\/twitter.com\/lowenhamn\" class=\"aktt_username\">lowenhamn<\/a> Jag har f\u00f6rst\u00e5tt att du f\u00f6ljer Pistons. Du har varit min prim\u00e4ra Jerebkok\u00e4lla faktiskt. \ud83d\ude42 Har inte hunnit kolla LAL-DET \u00e4nnu. <a href=\"http:\/\/twitter.com\/lowenhamn\/statuses\/6945082752\" class=\"aktt_tweet_reply\">in reply to lowenhamn<\/a> <a href=\"http:\/\/twitter.com\/oskardahlbom\/statuses\/6945243302\" class=\"aktt_tweet_time\">#<\/a><\/li>\n<li>@<a href=\"http:\/\/twitter.com\/Pelletsmaskinen\" class=\"aktt_username\">Pelletsmaskinen<\/a> Hahaha! Det l\u00e5ter ju lysande. Vi har faktiskt bara en liten plastgran (pga en galning p\u00e5 17 m\u00e5n). Det borde g\u00e5 snabbt. <a href=\"http:\/\/twitter.com\/Pelletsmaskinen\/statuses\/6945325442\" class=\"aktt_tweet_reply\">in reply to Pelletsmaskinen<\/a> <a href=\"http:\/\/twitter.com\/oskardahlbom\/statuses\/6945586081\" class=\"aktt_tweet_time\">#<\/a><\/li>\n<li>@<a href=\"http:\/\/twitter.com\/gustavbates\" class=\"aktt_username\">gustavbates<\/a> Den var godare! \ud83d\ude42 <a href=\"http:\/\/twitter.com\/gustavbates\/statuses\/6958733712\" class=\"aktt_tweet_reply\">in reply to gustavbates<\/a> <a href=\"http:\/\/twitter.com\/oskardahlbom\/statuses\/6961933306\" class=\"aktt_tweet_time\">#<\/a><\/li>\n<li>Hoppsan! D\u00e4r lossnade en 12 \u00e5r gammal lagning p\u00e5 framtanden. Ser nu ut som en hockeyspelare efter slagsm\u00e5l. Bra tajming. <a href=\"http:\/\/twitter.com\/oskardahlbom\/statuses\/6964554376\" class=\"aktt_tweet_time\">#<\/a><\/li>\n<li>@<a href=\"http:\/\/twitter.com\/gustavbates\" class=\"aktt_username\">gustavbates<\/a> Hahaha! Ja, jag funderar faktiskt p\u00e5 det. L\u00e4r se ut s\u00e5 h\u00e4r tills min tandl\u00e4kare \u00f6ppnar igen efter jul. 7:e jan \u00e4r budet nu. <a href=\"http:\/\/twitter.com\/gustavbates\/statuses\/6973686735\" class=\"aktt_tweet_reply\">in reply to gustavbates<\/a> <a href=\"http:\/\/twitter.com\/oskardahlbom\/statuses\/6974145055\" class=\"aktt_tweet_time\">#<\/a><\/li>\n<li>N\u00e4stan alla paket inslagna. Beh\u00f6vdes ingen riktig uppesittarkv\u00e4ll ikv\u00e4ll. Nu s\u00e4ngen. Om 4 min \u00e4r det ju julafton. <a href=\"http:\/\/twitter.com\/oskardahlbom\/statuses\/6979498702\" class=\"aktt_tweet_time\">#<\/a><\/li>\n<li>@<a href=\"http:\/\/twitter.com\/gustavbates\" class=\"aktt_username\">gustavbates<\/a> God Jul! <a href=\"http:\/\/twitter.com\/gustavbates\/statuses\/6979551710\" class=\"aktt_tweet_reply\">in reply to gustavbates<\/a> <a href=\"http:\/\/twitter.com\/oskardahlbom\/statuses\/6979624834\" class=\"aktt_tweet_time\">#<\/a><\/li>\n<li>P\u00e5 v\u00e4g till sv\u00e4rf\u00f6r\u00e4ldrarna f\u00f6r att fira jul. God jul! <a href=\"http:\/\/twitter.com\/oskardahlbom\/statuses\/6997089670\" class=\"aktt_tweet_time\">#<\/a><\/li>\n<li><a href=\"http:\/\/twitpic.com\/uy3wb\" rel=\"nofollow\">http:\/\/twitpic.com\/uy3wb<\/a> &#8211; Sk\u00e5l fr\u00e5n julbordet! <a href=\"http:\/\/twitter.com\/oskardahlbom\/statuses\/6998725164\" class=\"aktt_tweet_time\">#<\/a><\/li>\n<li>F\u00f6rsta uppst\u00f6tningen. Tack f\u00f6r maten. Snart Kalle Anka. <a href=\"http:\/\/twitter.com\/oskardahlbom\/statuses\/6999632516\" class=\"aktt_tweet_time\">#<\/a><\/li>\n<li>Klapparna utdelade. Mycket fina g\u00e5vor i \u00e5r. Nu mat igen. Mer mat. Mer mat. <a href=\"http:\/\/twitter.com\/oskardahlbom\/statuses\/7007457349\" class=\"aktt_tweet_time\">#<\/a><\/li>\n<li>Sovmorgon. Sonen och sambon sov kvar hos sv\u00e4rf\u00f6r\u00e4ldrarna. Jag har t\u00e4nkt stiga upp i \u00f6ver en timme. Men herregud vad sk\u00f6n s\u00e4ngen \u00e4r. <a href=\"http:\/\/twitter.com\/oskardahlbom\/statuses\/7028463590\" class=\"aktt_tweet_time\">#<\/a><\/li>\n<li>@<a href=\"http:\/\/twitter.com\/gustavbates\" class=\"aktt_username\">gustavbates<\/a> My only Twitterfriend &#8211; <a href=\"http:\/\/twitpic.com\/v5fpa\" rel=\"nofollow\">http:\/\/twitpic.com\/v5fpa<\/a> <a href=\"http:\/\/twitter.com\/oskardahlbom\/statuses\/7034421459\" class=\"aktt_tweet_time\">#<\/a><\/li>\n<li>\u00c5rets julklapp &#8211; Guitar Hero 5! F\u00f6rsta l\u00e5ten spelad? &quot;Under Pressure&quot; med Queen &amp; David Bowie. Otroligt kul och bra! <a href=\"http:\/\/twitter.com\/oskardahlbom\/statuses\/7034482844\" class=\"aktt_tweet_time\">#<\/a><\/li>\n<li>Jag \u00e4lskar listor! Mycket kul l\u00e4sning. RT @sjumilakliv: Nyskrivet: 50 sp\u00e5r av 00tal  <a href=\"http:\/\/twitter.com\/oskardahlbom\/statuses\/7034666947\" class=\"aktt_tweet_time\">#<\/a><\/li>\n<li>Tackar @<a href=\"http:\/\/twitter.com\/gustavbates\" class=\"aktt_username\">gustavbates<\/a> f\u00f6r koppen med kaffe. Den satt helt r\u00e4tt och var v\u00e4lbeh\u00f6vlig efter all julmat. <a href=\"http:\/\/twitter.com\/oskardahlbom\/statuses\/7059498192\" class=\"aktt_tweet_time\">#<\/a><\/li>\n<li>@<a href=\"http:\/\/twitter.com\/gustavbates\" class=\"aktt_username\">gustavbates<\/a> Svart som natten. Eller helvetet. N\u00e5got av det. Och ja, jag beh\u00f6ver en kopp till nu. Din tajming \u00e4r lysande! <a href=\"http:\/\/twitter.com\/gustavbates\/statuses\/7066183913\" class=\"aktt_tweet_reply\">in reply to gustavbates<\/a> <a href=\"http:\/\/twitter.com\/oskardahlbom\/statuses\/7066370034\" class=\"aktt_tweet_time\">#<\/a><\/li>\n<li>\u00c4ntligen! Sitter och synkar en sprillans ny iPod Touch. S\u00e5 perfekt, s\u00e5 vacker. Som jag har saknat den f\u00f6rra. <a href=\"http:\/\/twitter.com\/oskardahlbom\/statuses\/7066402847\" class=\"aktt_tweet_time\">#<\/a><\/li>\n<li>@<a href=\"http:\/\/twitter.com\/Oijeberg\" class=\"aktt_username\">Oijeberg<\/a> Nej, just det! S\u00e5g det tidigare idag men k\u00f6pte iPoden nyss. Ska kasta mig in s\u00e5 fort den synkat klart. Tack f\u00f6r p\u00e5minnelsen! <a href=\"http:\/\/twitter.com\/Oijeberg\/statuses\/7066565441\" class=\"aktt_tweet_reply\">in reply to Oijeberg<\/a> <a href=\"http:\/\/twitter.com\/oskardahlbom\/statuses\/7066637810\" class=\"aktt_tweet_time\">#<\/a><\/li>\n<li>@<a href=\"http:\/\/twitter.com\/hejg\" class=\"aktt_username\">hejg<\/a> Nej, men Stj\u00e4rnorna p\u00e5 Slottet ska du v\u00e4l se? Eller Monty Python samtidigt annars. <a href=\"http:\/\/twitter.com\/hejg\/statuses\/7066639202\" class=\"aktt_tweet_reply\">in reply to hejg<\/a> <a href=\"http:\/\/twitter.com\/oskardahlbom\/statuses\/7066673501\" class=\"aktt_tweet_time\">#<\/a><\/li>\n<li>@<a href=\"http:\/\/twitter.com\/darksidedesign\" class=\"aktt_username\">darksidedesign<\/a> S\u00e5 du \u00e5kte inte och k\u00f6pte pizza? \ud83d\ude42 <a href=\"http:\/\/twitter.com\/darksidedesign\/statuses\/7066581753\" class=\"aktt_tweet_reply\">in reply to darksidedesign<\/a> <a href=\"http:\/\/twitter.com\/oskardahlbom\/statuses\/7066686725\" class=\"aktt_tweet_time\">#<\/a><\/li>\n<li>@<a href=\"http:\/\/twitter.com\/Skutte\" class=\"aktt_username\">Skutte<\/a> Coolt! Ska kika p\u00e5 det senare. <a href=\"http:\/\/twitter.com\/Skutte\/statuses\/7068777589\" class=\"aktt_tweet_reply\">in reply to Skutte<\/a> <a href=\"http:\/\/twitter.com\/oskardahlbom\/statuses\/7069293380\" class=\"aktt_tweet_time\">#<\/a><\/li>\n<li>Nu blir det (Simpsons) Monopol med familjen. <a href=\"http:\/\/twitter.com\/oskardahlbom\/statuses\/7069312274\" class=\"aktt_tweet_time\">#<\/a><\/li>\n<li><a href=\"http:\/\/twitpic.com\/vcs14\" rel=\"nofollow\">http:\/\/twitpic.com\/vcs14<\/a> &#8211; Min ekonomi (i miljoner) i Monopol just nu <a href=\"http:\/\/twitter.com\/oskardahlbom\/statuses\/7070460776\" class=\"aktt_tweet_time\">#<\/a><\/li>\n<li>Det g\u00e5r bra i Monopol ikv\u00e4ll. Ovanligt bra. <a href=\"http:\/\/twitter.com\/oskardahlbom\/statuses\/7071735142\" class=\"aktt_tweet_time\">#<\/a><\/li>\n<li>@<a href=\"http:\/\/twitter.com\/gustavbates\" class=\"aktt_username\">gustavbates<\/a> Jag hoppas verkligen det. Vi var tvungna att sluta tidigare, men d\u00e5 hade jag \u00e4nd\u00e5 6 milj. Ska nog dra mig tillbaka nu. \ud83d\ude42 <a href=\"http:\/\/twitter.com\/gustavbates\/statuses\/7071833061\" class=\"aktt_tweet_reply\">in reply to gustavbates<\/a> <a href=\"http:\/\/twitter.com\/oskardahlbom\/statuses\/7084423034\" class=\"aktt_tweet_time\">#<\/a><\/li>\n<li>Biljetter bokade till Avatar 3D senare idag. Jag t\u00e4nker bli visuellt h\u00e4nf\u00f6rd, det t\u00e4nker jag. <a href=\"http:\/\/twitter.com\/oskardahlbom\/statuses\/7084753163\" class=\"aktt_tweet_time\">#<\/a><\/li>\n<li>Ojd\u00e5, haha! RT @stroemberg: Nej, AB, s\u00e5 manhaftig \u00e4r MPs spr\u00e5kr\u00f6r INTE!  <a href=\"http:\/\/twitpic.com\/vfmnr\" rel=\"nofollow\">http:\/\/twitpic.com\/vfmnr<\/a> <a href=\"http:\/\/twitter.com\/oskardahlbom\/statuses\/7087673162\" class=\"aktt_tweet_time\">#<\/a><\/li>\n<li>Idag blir det Guitar Hero 5 igen. Mitt band heter Cake\/Death. <a href=\"http:\/\/twitter.com\/oskardahlbom\/statuses\/7087907910\" class=\"aktt_tweet_time\">#<\/a><\/li>\n<li>@<a href=\"http:\/\/twitter.com\/gustavbates\" class=\"aktt_username\">gustavbates<\/a> Vi h\u00e5ller p\u00e5 och repar f\u00f6r fullt. Mest Dylan och Cash nu. \u00c4n s\u00e5 l\u00e4nge upptr\u00e4der vi bara i mitt vardagsrum. V\u00e4lkommen hit! <a href=\"http:\/\/twitter.com\/gustavbates\/statuses\/7088147402\" class=\"aktt_tweet_reply\">in reply to gustavbates<\/a> <a href=\"http:\/\/twitter.com\/oskardahlbom\/statuses\/7088234188\" class=\"aktt_tweet_time\">#<\/a><\/li>\n<li><a href=\"http:\/\/twitpic.com\/vfwqg\" rel=\"nofollow\">http:\/\/twitpic.com\/vfwqg<\/a> &#8211; Mitt band &#8211; Cake\/Death <a href=\"http:\/\/twitter.com\/oskardahlbom\/statuses\/7088277139\" class=\"aktt_tweet_time\">#<\/a><\/li>\n<li>Nu &#8211; Avatar 3D! <a href=\"http:\/\/twitter.com\/oskardahlbom\/statuses\/7089392008\" class=\"aktt_tweet_time\">#<\/a><\/li>\n<li>Anders Jansson \u00e4r p\u00e5 biografen. Starstruck! <a href=\"http:\/\/twitter.com\/oskardahlbom\/statuses\/7089466002\" class=\"aktt_tweet_time\">#<\/a><\/li>\n<li>Avatar var riktigt riktigt bra. Inte en d\u00f6d sekund. <a href=\"http:\/\/twitter.com\/oskardahlbom\/statuses\/7094894008\" class=\"aktt_tweet_time\">#<\/a><\/li>\n<\/ul>\n","protected":false},"excerpt":{"rendered":"<p>@gustavbates Visst var det bra? Hade du n\u00e5gon favoritbit? in reply to gustavbates # @gustavbates Jag hade v\u00e4ldigt kul \u00e5t den sn\u00e4lla hajen och det latinska spr\u00e5ket. Men ja, v\u00e4ldigt mycket var ju lysande, s\u00e5 klart. in reply to gustavbates # @gustavbates Haha! Jag gjorde exakt likadant! Fotade min egen tweet och allt. Men s\u00e4mre [&hellip;]<\/p>\n","protected":false},"author":1,"featured_media":0,"comment_status":"open","ping_status":"open","sticky":false,"template":"","format":"standard","meta":{"footnotes":""},"categories":[4],"tags":[509],"class_list":["post-291","post","type-post","status-publish","format-standard","hentry","category-twitter","tag-twitter"],"_links":{"self":[{"href":"https:\/\/oskardahlbom.se\/blogg\/index.php\/wp-json\/wp\/v2\/posts\/291","targetHints":{"allow":["GET"]}}],"collection":[{"href":"https:\/\/oskardahlbom.se\/blogg\/index.php\/wp-json\/wp\/v2\/posts"}],"about":[{"href":"https:\/\/oskardahlbom.se\/blogg\/index.php\/wp-json\/wp\/v2\/types\/post"}],"author":[{"embeddable":true,"href":"https:\/\/oskardahlbom.se\/blogg\/index.php\/wp-json\/wp\/v2\/users\/1"}],"replies":[{"embeddable":true,"href":"https:\/\/oskardahlbom.se\/blogg\/index.php\/wp-json\/wp\/v2\/comments?post=291"}],"version-history":[{"count":0,"href":"https:\/\/oskardahlbom.se\/blogg\/index.php\/wp-json\/wp\/v2\/posts\/291\/revisions"}],"wp:attachment":[{"href":"https:\/\/oskardahlbom.se\/blogg\/index.php\/wp-json\/wp\/v2\/media?parent=291"}],"wp:term":[{"taxonomy":"category","embeddable":true,"href":"https:\/\/oskardahlbom.se\/blogg\/index.php\/wp-json\/wp\/v2\/categories?post=291"},{"taxonomy":"post_tag","embeddable":true,"href":"https:\/\/oskardahlbom.se\/blogg\/index.php\/wp-json\/wp\/v2\/tags?post=291"}],"curies":[{"name":"wp","href":"https:\/\/api.w.org\/{rel}","templated":true}]}}