{"id":290,"date":"2009-12-20T22:59:00","date_gmt":"2009-12-20T21:59:00","guid":{"rendered":"http:\/\/oskardahlbom.se\/blogg\/index.php\/2009\/12\/20\/veckans-twitter-16\/"},"modified":"2009-12-20T22:59:00","modified_gmt":"2009-12-20T21:59:00","slug":"veckans-twitter-16","status":"publish","type":"post","link":"https:\/\/oskardahlbom.se\/blogg\/index.php\/2009\/12\/20\/veckans-twitter-16\/","title":{"rendered":"Veckans twitter"},"content":{"rendered":"<ul class=\"aktt_tweet_digest\">\n<li>M\u00e5ndagmorgon. Jag blev nyss kallad f\u00f6r en fryslort. Jag hade nog blivit f\u00f6rn\u00e4rmad, om jag hade vetat vad en fryslort \u00e4r. <a href=\"http:\/\/twitter.com\/oskardahlbom\/statuses\/6656667075\" class=\"aktt_tweet_time\">#<\/a><\/li>\n<li>\u00c5h, Anna Stadling p\u00e5 #<a href=\"http:\/\/search.twitter.com\/search?q=%23nymo\" class=\"aktt_hashtag\">nymo<\/a> nu. Hon \u00e4r f\u00f6r himla bra. Lyfter Engmans Kapell en hel del. #<a href=\"http:\/\/search.twitter.com\/search?q=%23TV4\" class=\"aktt_hashtag\">TV4<\/a> <a href=\"http:\/\/twitter.com\/oskardahlbom\/statuses\/6656756315\" class=\"aktt_tweet_time\">#<\/a><\/li>\n<li>Jag hade inte t\u00e4nkt skriva om dagens lunch men tortillan med v\u00e4sterbottenost och g\u00e5rdagens pasta blev s\u00e5 otroligt god. S\u00e5, nu blev det sagt. <a href=\"http:\/\/twitter.com\/oskardahlbom\/statuses\/6660893782\" class=\"aktt_tweet_time\">#<\/a><\/li>\n<li>N\u00f6rdkultur: Jag har en Google Alert p\u00e5 Philip Seymour Hoffman. <a href=\"http:\/\/twitter.com\/oskardahlbom\/statuses\/6660953345\" class=\"aktt_tweet_time\">#<\/a><\/li>\n<li>Mer \u00e5rsb\u00e4stalistor! H\u00e4r @<a href=\"http:\/\/twitter.com\/sydsvenskan\" class=\"aktt_username\">sydsvenskan<\/a> om film. Lite tv\u00e4rtemot trenden ocks\u00e5 att l\u00e4gga ut uppslaget fr\u00e5n tidningen  (PDF) <a href=\"http:\/\/twitter.com\/oskardahlbom\/statuses\/6670435333\" class=\"aktt_tweet_time\">#<\/a><\/li>\n<li>@<a href=\"http:\/\/twitter.com\/darksidedesign\" class=\"aktt_username\">darksidedesign<\/a> \u00d6l och ostmackor? <a href=\"http:\/\/twitter.com\/darksidedesign\/statuses\/6670756787\" class=\"aktt_tweet_reply\">in reply to darksidedesign<\/a> <a href=\"http:\/\/twitter.com\/oskardahlbom\/statuses\/6670829481\" class=\"aktt_tweet_time\">#<\/a><\/li>\n<li>Eddie Izzard i Malm\u00f6 p\u00e5 fredag. Jag kommer vara d\u00e4r!  <a href=\"http:\/\/twitter.com\/oskardahlbom\/statuses\/6670871569\" class=\"aktt_tweet_time\">#<\/a><\/li>\n<li>@<a href=\"http:\/\/twitter.com\/notonmyshift\" class=\"aktt_username\">notonmyshift<\/a> Jag \u00e4r v\u00e4ldigt intresserad av just dina 5 cent h\u00e4r, Elvira: \u00c5rets 10 b\u00e4sta skivor &#8211; <a href=\"http:\/\/oskardahlbom.se\/topp10\/\" rel=\"nofollow\">http:\/\/oskardahlbom.se\/topp10\/<\/a> <a href=\"http:\/\/twitter.com\/oskardahlbom\/statuses\/6671281286\" class=\"aktt_tweet_time\">#<\/a><\/li>\n<li>@<a href=\"http:\/\/twitter.com\/notonmyshift\" class=\"aktt_username\">notonmyshift<\/a> Det ser jag fram emot! Jag har f\u00f6rst\u00e5tt att vi har liknande musiksmak, och jag vill g\u00e4rna titta p\u00e5 russinen i din kaka. \ud83d\ude42 <a href=\"http:\/\/twitter.com\/notonmyshift\/statuses\/6671337860\" class=\"aktt_tweet_reply\">in reply to notonmyshift<\/a> <a href=\"http:\/\/twitter.com\/oskardahlbom\/statuses\/6671416130\" class=\"aktt_tweet_time\">#<\/a><\/li>\n<li>@<a href=\"http:\/\/twitter.com\/notonmyshift\" class=\"aktt_username\">notonmyshift<\/a> Ja, det \u00e4r lite klurigt. Jag tycker det \u00e4r hur kul som helst med dessa listor. Jag ska fundera i n\u00e5gon vecka till. <a href=\"http:\/\/twitter.com\/notonmyshift\/statuses\/6671447650\" class=\"aktt_tweet_reply\">in reply to notonmyshift<\/a> <a href=\"http:\/\/twitter.com\/oskardahlbom\/statuses\/6671512840\" class=\"aktt_tweet_time\">#<\/a><\/li>\n<li>@<a href=\"http:\/\/twitter.com\/darksidedesign\" class=\"aktt_username\">darksidedesign<\/a> @<a href=\"http:\/\/twitter.com\/Receptomaten\" class=\"aktt_username\">Receptomaten<\/a> k\u00f6rde ett litet test h\u00e4romdagen &#8211; . Jag gillar verkligen Anchor Christmas ale. <a href=\"http:\/\/twitter.com\/darksidedesign\/statuses\/6671403735\" class=\"aktt_tweet_reply\">in reply to darksidedesign<\/a> <a href=\"http:\/\/twitter.com\/oskardahlbom\/statuses\/6671573781\" class=\"aktt_tweet_time\">#<\/a><\/li>\n<li>S\u00e5g precis Dexterfinalen och fick ont i magen. K\u00e4nsliga tittare varnas. <a href=\"http:\/\/twitter.com\/oskardahlbom\/statuses\/6673766335\" class=\"aktt_tweet_time\">#<\/a><\/li>\n<li>@<a href=\"http:\/\/twitter.com\/gustavbates\" class=\"aktt_username\">gustavbates<\/a> Kul! Ja, jag \u00e4r grymt laddad. Jag har inte sett n\u00e5got med honom p\u00e5 ett tag (DVD:er eller s\u00e5) och det blir nog en del nytt. <a href=\"http:\/\/twitter.com\/gustavbates\/statuses\/6676619259\" class=\"aktt_tweet_reply\">in reply to gustavbates<\/a> <a href=\"http:\/\/twitter.com\/oskardahlbom\/statuses\/6689630400\" class=\"aktt_tweet_time\">#<\/a><\/li>\n<li>Str\u00e5lande sol och n\u00e5gra plus i Lund idag. <a href=\"http:\/\/twitter.com\/oskardahlbom\/statuses\/6693071185\" class=\"aktt_tweet_time\">#<\/a><\/li>\n<li>@<a href=\"http:\/\/twitter.com\/gustavbates\" class=\"aktt_username\">gustavbates<\/a> Ja, absolut. Och du har helt r\u00e4tt, hur skulle det kunna bli d\u00e5ligt? *skruvar upp f\u00f6rv\u00e4ntningarna \u00e4nd\u00e5* <a href=\"http:\/\/twitter.com\/gustavbates\/statuses\/6693189847\" class=\"aktt_tweet_reply\">in reply to gustavbates<\/a> <a href=\"http:\/\/twitter.com\/oskardahlbom\/statuses\/6693534634\" class=\"aktt_tweet_time\">#<\/a><\/li>\n<li>Gusten mumsar p\u00e5 sin lunch och jag g\u00f6r mig redo f\u00f6r vagnpromenad, eftersom det bara \u00e4r s\u00e5 han somnar sen n\u00e5gon dag tillbaka. #<a href=\"http:\/\/search.twitter.com\/search?q=%23regression\" class=\"aktt_hashtag\">regression<\/a> <a href=\"http:\/\/twitter.com\/oskardahlbom\/statuses\/6693590423\" class=\"aktt_tweet_time\">#<\/a><\/li>\n<li>Funkar bra. Kanske med n\u00e4sa och rund mun ocks\u00e5? S\u00e5 blir din mun haka: *&lt;:-o)\u2248 RT @pellet: F\u00f6rs\u00f6kt till tomte-smiley: *&lt;:)\u2248  Funkar? <a href=\"http:\/\/twitter.com\/oskardahlbom\/statuses\/6694470297\" class=\"aktt_tweet_time\">#<\/a><\/li>\n<li>Det sn\u00f6ar i Lund! &#8211; LIVE at <a href=\"http:\/\/bambuser.com\/v\/384169\" rel=\"nofollow\">http:\/\/bambuser.com\/v\/384169<\/a> <a href=\"http:\/\/twitter.com\/oskardahlbom\/statuses\/6695046338\" class=\"aktt_tweet_time\">#<\/a><\/li>\n<li>@<a href=\"http:\/\/twitter.com\/pellet\" class=\"aktt_username\">pellet<\/a> Jag tycker inte en jultomtesmiley beh\u00f6ver vara enkel. Det g\u00f6r inget om det \u00e4r lite tanke och arbete bakom. Som ett fint julkort. <a href=\"http:\/\/twitter.com\/pellet\/statuses\/6694838483\" class=\"aktt_tweet_reply\">in reply to pellet<\/a> <a href=\"http:\/\/twitter.com\/oskardahlbom\/statuses\/6695323957\" class=\"aktt_tweet_time\">#<\/a><\/li>\n<li>Galenskapen forts\u00e4tter. Video till Dylans tolkning av Little Drummer Boy &#8211;  <a href=\"http:\/\/twitter.com\/oskardahlbom\/statuses\/6696101146\" class=\"aktt_tweet_time\">#<\/a><\/li>\n<li>Tittar\/lyssnar p\u00e5 Musikhj\u00e4lpen 2009. Jag tycker det \u00e4r s\u00e5 himla bra. Sitter klistrad i \u00e5r igen. <a href=\"http:\/\/twitter.com\/oskardahlbom\/statuses\/6698061176\" class=\"aktt_tweet_time\">#<\/a><\/li>\n<li>&quot;En fest ballade ur&quot;. Nyheterna p\u00e5 P3 k\u00e4nns inte helt seri\u00f6sa. <a href=\"http:\/\/twitter.com\/oskardahlbom\/statuses\/6698155042\" class=\"aktt_tweet_time\">#<\/a><\/li>\n<li>Flertalet julklappar fixade idag. Nu kan jag slappna av lite. Dags att sova. <a href=\"http:\/\/twitter.com\/oskardahlbom\/statuses\/6711423560\" class=\"aktt_tweet_time\">#<\/a><\/li>\n<li>Onsdagmorgon &#8211; \u00e5tta dagar kvar till jul. Idag blir det d\u00e4rf\u00f6r v\u00f6rtbr\u00f6d med jordn\u00f6tssm\u00f6r och banan till frukost. <a href=\"http:\/\/twitter.com\/oskardahlbom\/statuses\/6724317569\" class=\"aktt_tweet_time\">#<\/a><\/li>\n<li>Bra. Mycket bra. RT @andersmi: Public service m\u00e5ste sl\u00e4ppa in publiken.  <a href=\"http:\/\/twitter.com\/oskardahlbom\/statuses\/6724489963\" class=\"aktt_tweet_time\">#<\/a><\/li>\n<li>Skitbra! D\u00e4r sparade jag i alla fall n\u00e5gra minuter. RT @jocke: \u00e4ntligen en riktig gmail-merge:  <a href=\"http:\/\/twitter.com\/oskardahlbom\/statuses\/6724631382\" class=\"aktt_tweet_time\">#<\/a><\/li>\n<li>@<a href=\"http:\/\/twitter.com\/hannalar\" class=\"aktt_username\">hannalar<\/a> Jag tycker inte @<a href=\"http:\/\/twitter.com\/andersmi\" class=\"aktt_username\">andersmi<\/a> neggar. Och det var bra med en liten fallstudie. &quot;F\u00f6rs\u00f6ka duger&quot; h\u00e5ller inte m\u00e5ttet. Inte fr\u00e5n PS. <a href=\"http:\/\/twitter.com\/hannalar\/statuses\/6724688848\" class=\"aktt_tweet_reply\">in reply to hannalar<\/a> <a href=\"http:\/\/twitter.com\/oskardahlbom\/statuses\/6724842560\" class=\"aktt_tweet_time\">#<\/a><\/li>\n<li>Aaah! En halv (stor) kaffekopp slogs ut \u00f6ver bordet. Rann sen ner p\u00e5 en vit stolsdyna och golv. Det v\u00e4rsta? Jag var sugen p\u00e5 mer kaffe. <a href=\"http:\/\/twitter.com\/oskardahlbom\/statuses\/6724890701\" class=\"aktt_tweet_time\">#<\/a><\/li>\n<li>@<a href=\"http:\/\/twitter.com\/gustavbates\" class=\"aktt_username\">gustavbates<\/a> Nej, precis. Jag kan alltid k\u00f6pa en ny dyna. Men just den koppen kaffe f\u00e5r jag aldrig tillbaka. T\u00e5r. <a href=\"http:\/\/twitter.com\/gustavbates\/statuses\/6725065364\" class=\"aktt_tweet_reply\">in reply to gustavbates<\/a> <a href=\"http:\/\/twitter.com\/oskardahlbom\/statuses\/6725088619\" class=\"aktt_tweet_time\">#<\/a><\/li>\n<li>@<a href=\"http:\/\/twitter.com\/gustavbates\" class=\"aktt_username\">gustavbates<\/a> \u00c5h, jag har en stor svaghet &#8211; jag kan aldrig tacka nej till en kopp kaffe. Hur l\u00e4nge st\u00e5r sig erbjudandet? \ud83d\ude42 <a href=\"http:\/\/twitter.com\/gustavbates\/statuses\/6725172520\" class=\"aktt_tweet_reply\">in reply to gustavbates<\/a> <a href=\"http:\/\/twitter.com\/oskardahlbom\/statuses\/6725203143\" class=\"aktt_tweet_time\">#<\/a><\/li>\n<li>Nu Familjen p\u00e5 Muskihj\u00e4lpen. Mycket bra! #<a href=\"http:\/\/search.twitter.com\/search?q=%23mh09\" class=\"aktt_hashtag\">mh09<\/a> <a href=\"http:\/\/twitter.com\/oskardahlbom\/statuses\/6725261933\" class=\"aktt_tweet_time\">#<\/a><\/li>\n<li>Nu sn\u00f6ar det i Lund igen. Sn\u00f6ar det i Malm\u00f6? T\u00e4nkte \u00e5ka \u00f6ver och julshoppa lite. <a href=\"http:\/\/twitter.com\/oskardahlbom\/statuses\/6725288942\" class=\"aktt_tweet_time\">#<\/a><\/li>\n<li>@<a href=\"http:\/\/twitter.com\/fredrikaxelsson\" class=\"aktt_username\">fredrikaxelsson<\/a> Tack f\u00f6r v\u00e4derfeedback, Fredrik! D\u00e5 kan jag med gott samvete g\u00e5 och shoppa lite med sonen. Hoppas allt \u00e4r bra annars! <a href=\"http:\/\/twitter.com\/fredrikaxelsson\/statuses\/6725584989\" class=\"aktt_tweet_reply\">in reply to fredrikaxelsson<\/a> <a href=\"http:\/\/twitter.com\/oskardahlbom\/statuses\/6725676571\" class=\"aktt_tweet_time\">#<\/a><\/li>\n<li>Nu blir det Malm\u00f6! <a href=\"http:\/\/twitter.com\/oskardahlbom\/statuses\/6725926617\" class=\"aktt_tweet_time\">#<\/a><\/li>\n<li>@<a href=\"http:\/\/twitter.com\/hannalar\" class=\"aktt_username\">hannalar<\/a> Ja, jag f\u00f6rst\u00e5r din po\u00e4ng. Samtidigt handlade ju detta om HUR man anv\u00e4nder sociala medier, inte bara ATT man anv\u00e4nder det. <a href=\"http:\/\/twitter.com\/hannalar\/statuses\/6729465674\" class=\"aktt_tweet_reply\">in reply to hannalar<\/a> <a href=\"http:\/\/twitter.com\/oskardahlbom\/statuses\/6734272727\" class=\"aktt_tweet_time\">#<\/a><\/li>\n<li>@<a href=\"http:\/\/twitter.com\/gustavbates\" class=\"aktt_username\">gustavbates<\/a> Underbart! Twitter \u00e4r v\u00e5rt vittne. Sitter du i G\u00f6teborg? *b\u00f6rjar kolla t\u00e5gresor* \ud83d\ude42 <a href=\"http:\/\/twitter.com\/gustavbates\/statuses\/6726047641\" class=\"aktt_tweet_reply\">in reply to gustavbates<\/a> <a href=\"http:\/\/twitter.com\/oskardahlbom\/statuses\/6734302655\" class=\"aktt_tweet_time\">#<\/a><\/li>\n<li>@<a href=\"http:\/\/twitter.com\/gustavbates\" class=\"aktt_username\">gustavbates<\/a> Kaakaa&#8230; Aaaaaa&#8230; <a href=\"http:\/\/twitter.com\/gustavbates\/statuses\/6738583244\" class=\"aktt_tweet_reply\">in reply to gustavbates<\/a> <a href=\"http:\/\/twitter.com\/oskardahlbom\/statuses\/6739153064\" class=\"aktt_tweet_time\">#<\/a><\/li>\n<li>\u00c4r det inte j\u00e4kligt konstigt att man &quot;f\u00e5r&quot; Spotify Premium med mobilk\u00f6p? Det \u00e4r ju detsamma som att f\u00e5 100 kr i m\u00e5n. <a href=\"http:\/\/twitter.com\/oskardahlbom\/statuses\/6739310188\" class=\"aktt_tweet_time\">#<\/a><\/li>\n<li>@<a href=\"http:\/\/twitter.com\/lowenhamn\" class=\"aktt_username\">lowenhamn<\/a> \u00c4r det motionsbasket med &quot;gubbarna&quot; i Visby? <a href=\"http:\/\/twitter.com\/lowenhamn\/statuses\/6738488229\" class=\"aktt_tweet_reply\">in reply to lowenhamn<\/a> <a href=\"http:\/\/twitter.com\/oskardahlbom\/statuses\/6739372066\" class=\"aktt_tweet_time\">#<\/a><\/li>\n<li><a href=\"http:\/\/twitpic.com\/tryuk\" rel=\"nofollow\">http:\/\/twitpic.com\/tryuk<\/a> &#8211; Jag tittar p\u00e5 detta och myser&#8230; <a href=\"http:\/\/twitter.com\/oskardahlbom\/statuses\/6739723689\" class=\"aktt_tweet_time\">#<\/a><\/li>\n<li>@<a href=\"http:\/\/twitter.com\/lowenhamn\" class=\"aktt_username\">lowenhamn<\/a> Underbart! Jag flyttar hem till \u00f6n till sommaren och \u00e4r sugen p\u00e5 att spela. Fast det d\u00e4r med h\u00f6gt tempo&#8230; \ud83d\ude09 <a href=\"http:\/\/twitter.com\/lowenhamn\/statuses\/6741832663\" class=\"aktt_tweet_reply\">in reply to lowenhamn<\/a> <a href=\"http:\/\/twitter.com\/oskardahlbom\/statuses\/6743807237\" class=\"aktt_tweet_time\">#<\/a><\/li>\n<li>@<a href=\"http:\/\/twitter.com\/mymlan\" class=\"aktt_username\">mymlan<\/a> @<a href=\"http:\/\/twitter.com\/frilansaren\" class=\"aktt_username\">frilansaren<\/a> H\u00e4r kanske &#8211; <a href=\"http:\/\/blogg.tkj.se\/twitter-mobil-sms\/\" rel=\"nofollow\">http:\/\/blogg.tkj.se\/twitter-mobil-sms\/<\/a> <a href=\"http:\/\/twitter.com\/mymlan\/statuses\/6744422000\" class=\"aktt_tweet_reply\">in reply to mymlan<\/a> <a href=\"http:\/\/twitter.com\/oskardahlbom\/statuses\/6744529893\" class=\"aktt_tweet_time\">#<\/a><\/li>\n<li>Dags att sova. Det \u00e4r ju en (tors)dag i morgon ocks\u00e5. <a href=\"http:\/\/twitter.com\/oskardahlbom\/statuses\/6744639311\" class=\"aktt_tweet_time\">#<\/a><\/li>\n<li>Mycket sn\u00f6 i Lund. Jag s\u00e4ger varken bu eller b\u00e4. Det verkar vara ett k\u00e4nsligt \u00e4mne. <a href=\"http:\/\/twitter.com\/oskardahlbom\/statuses\/6757072388\" class=\"aktt_tweet_time\">#<\/a><\/li>\n<li>@<a href=\"http:\/\/twitter.com\/lowenhamn\" class=\"aktt_username\">lowenhamn<\/a> Ja, haha. Trots blotta 27 \u00e5r har jag redan stora delar av \u00e4ldre Kareem i mitt spel. Tar retur, passar ut, lunkar till halvplan. <a href=\"http:\/\/twitter.com\/lowenhamn\/statuses\/6758391046\" class=\"aktt_tweet_reply\">in reply to lowenhamn<\/a> <a href=\"http:\/\/twitter.com\/oskardahlbom\/statuses\/6758652928\" class=\"aktt_tweet_time\">#<\/a><\/li>\n<li>Klassiskt TV-\u00f6gonblick i radio. Timbuktu dansar i kl\u00e4nning och h\u00f6gklackat till Petter i Musikhj\u00e4lpen. Herregud vad bra! #<a href=\"http:\/\/search.twitter.com\/search?q=%23mh09\" class=\"aktt_hashtag\">mh09<\/a> <a href=\"http:\/\/twitter.com\/oskardahlbom\/statuses\/6758865233\" class=\"aktt_tweet_time\">#<\/a><\/li>\n<li>Nu &#8211; ut i ett vitt Lund. <a href=\"http:\/\/twitter.com\/oskardahlbom\/statuses\/6759228665\" class=\"aktt_tweet_time\">#<\/a><\/li>\n<li>@<a href=\"http:\/\/twitter.com\/lowenhamn\" class=\"aktt_username\">lowenhamn<\/a> Herregud, jag kan verkligen t\u00e4nka mig det. Han har aldrig varit d\u00e5lig. Men det \u00e4r fint, d\u00e5 \u00e4r platsen som 50-\u00e5ring \u00f6ppen. \ud83d\ude42 <a href=\"http:\/\/twitter.com\/lowenhamn\/statuses\/6758875650\" class=\"aktt_tweet_reply\">in reply to lowenhamn<\/a> <a href=\"http:\/\/twitter.com\/oskardahlbom\/statuses\/6761081273\" class=\"aktt_tweet_time\">#<\/a><\/li>\n<li>@<a href=\"http:\/\/twitter.com\/gustavbates\" class=\"aktt_username\">gustavbates<\/a> Hmm, kanske en anledning att det legat g\u00f6mt? \ud83d\ude09 <a href=\"http:\/\/twitter.com\/gustavbates\/statuses\/6759711003\" class=\"aktt_tweet_reply\">in reply to gustavbates<\/a> <a href=\"http:\/\/twitter.com\/oskardahlbom\/statuses\/6761328212\" class=\"aktt_tweet_time\">#<\/a><\/li>\n<li>Gusten har valt en h\u00e4rligt s\u00e4song f\u00f6r att b\u00f6rja sova middag i vagnen igen. Sn\u00f6, minusgrader och isande vindar i Lund. Fast solen skiner ju. <a href=\"http:\/\/twitter.com\/oskardahlbom\/statuses\/6762040432\" class=\"aktt_tweet_time\">#<\/a><\/li>\n<li>@<a href=\"http:\/\/twitter.com\/gustavbates\" class=\"aktt_username\">gustavbates<\/a> Haha, s\u00e5 sant. Det trodde jag faktiskt inte om honom. Vi hoppas p\u00e5 n\u00e5got liknande i helgen! \ud83d\ude00 <a href=\"http:\/\/twitter.com\/gustavbates\/statuses\/6762054732\" class=\"aktt_tweet_reply\">in reply to gustavbates<\/a> <a href=\"http:\/\/twitter.com\/oskardahlbom\/statuses\/6762118658\" class=\"aktt_tweet_time\">#<\/a><\/li>\n<li>F\u00f6r er som missade ig\u00e5r: Vilka var de 10 b\u00e4sta filmerna &amp; skivorna 2009?  RT:a g\u00e4rna <a href=\"http:\/\/twitter.com\/oskardahlbom\/statuses\/6762694207\" class=\"aktt_tweet_time\">#<\/a><\/li>\n<li>Nu har Musikhj\u00e4lpen samlat in \u00f6ver 1 miljon. Jag tycker det \u00e4r extremt h\u00e4ftigt. #<a href=\"http:\/\/search.twitter.com\/search?q=%23mh09\" class=\"aktt_hashtag\">mh09<\/a> <a href=\"http:\/\/twitter.com\/oskardahlbom\/statuses\/6764171867\" class=\"aktt_tweet_time\">#<\/a><\/li>\n<li>Fick precis en invite till Silentale. Verkar lite coolt. Vad tror ni andra? <a href=\"http:\/\/twitter.com\/oskardahlbom\/statuses\/6764538340\" class=\"aktt_tweet_time\">#<\/a><\/li>\n<li>Nu snackas det Tie Fighter i #<a href=\"http:\/\/search.twitter.com\/search?q=%23mh09\" class=\"aktt_hashtag\">mh09<\/a>. Nostalgi! <a href=\"http:\/\/twitter.com\/oskardahlbom\/statuses\/6764735429\" class=\"aktt_tweet_time\">#<\/a><\/li>\n<li>Nu ska jag och sonen ut och \u00e5ka pulka. Hans f\u00f6rsta g\u00e5ng n\u00e5gonsin! Stor dag. <a href=\"http:\/\/twitter.com\/oskardahlbom\/statuses\/6764753229\" class=\"aktt_tweet_time\">#<\/a><\/li>\n<li>Hemma igen! Gusten \u00e4\u00e4\u00e4lskade pulka\u00e5kning och ramlade bara ur tre g\u00e5nger. <a href=\"http:\/\/twitter.com\/oskardahlbom\/statuses\/6768403038\" class=\"aktt_tweet_time\">#<\/a><\/li>\n<li>@<a href=\"http:\/\/twitter.com\/stielli\" class=\"aktt_username\">stielli<\/a> Ja, det var hur kul som helst! Instant love. Att gilla sn\u00f6 och pulka m\u00e5ste vara medf\u00f6tt hos barn? <a href=\"http:\/\/twitter.com\/stielli\/statuses\/6764918591\" class=\"aktt_tweet_reply\">in reply to stielli<\/a> <a href=\"http:\/\/twitter.com\/oskardahlbom\/statuses\/6768440978\" class=\"aktt_tweet_time\">#<\/a><\/li>\n<li>Nu gl\u00f6gg &amp; pepparkaka till f\u00f6rr\u00e4tt. <a href=\"http:\/\/twitter.com\/oskardahlbom\/statuses\/6768942641\" class=\"aktt_tweet_time\">#<\/a><\/li>\n<li>@<a href=\"http:\/\/twitter.com\/KennethEriksson\" class=\"aktt_username\">KennethEriksson<\/a> De verkar ha en tendens till det. Men de l\u00e4r sig. F\u00f6rsta g\u00e5ngen tog han emot sig med n\u00e4san, tredje g\u00e5ngen med h\u00e4nderna. \ud83d\ude09 <a href=\"http:\/\/twitter.com\/KennethEriksson\/statuses\/6770902846\" class=\"aktt_tweet_reply\">in reply to KennethEriksson<\/a> <a href=\"http:\/\/twitter.com\/oskardahlbom\/statuses\/6773769789\" class=\"aktt_tweet_time\">#<\/a><\/li>\n<li>Jag och Gusten \u00e4r ute och leker i sn\u00f6n. Nu ska vi hem med sushi till en tr\u00f6tt bror som \u00e5kt buss(!) fr\u00e5n Bromma hela natten. <a href=\"http:\/\/twitter.com\/oskardahlbom\/statuses\/6792450094\" class=\"aktt_tweet_time\">#<\/a><\/li>\n<li>@<a href=\"http:\/\/twitter.com\/jesged\" class=\"aktt_username\">jesged<\/a> \u00c5h, jag m\u00e5ste s\u00e4ga att det verkligen kl\u00e4r dig. <a href=\"http:\/\/twitter.com\/jesged\/statuses\/6794155026\" class=\"aktt_tweet_reply\">in reply to jesged<\/a> <a href=\"http:\/\/twitter.com\/oskardahlbom\/statuses\/6794174765\" class=\"aktt_tweet_time\">#<\/a><\/li>\n<li>Sin gamla anv\u00e4nda? Eeeew&#8230; RT @musikhjalpen: Ebba von Sydow ger bort br\u00f6sttejp. Vad s\u00e4ger man om det?  #<a href=\"http:\/\/search.twitter.com\/search?q=%23mh09\" class=\"aktt_hashtag\">mh09<\/a> #<a href=\"http:\/\/search.twitter.com\/search?q=%23fb\" class=\"aktt_hashtag\">fb<\/a> <a href=\"http:\/\/twitter.com\/oskardahlbom\/statuses\/6794214171\" class=\"aktt_tweet_time\">#<\/a><\/li>\n<li>Favoriter i fl\u00f6det som jag g\u00e4rna RT:ar &#8211; @<a href=\"http:\/\/twitter.com\/ulrikagood\" class=\"aktt_username\">ulrikagood<\/a> @<a href=\"http:\/\/twitter.com\/pleasecopyme\" class=\"aktt_username\">pleasecopyme<\/a> @<a href=\"http:\/\/twitter.com\/mymlan\" class=\"aktt_username\">mymlan<\/a> @<a href=\"http:\/\/twitter.com\/andersmi\" class=\"aktt_username\">andersmi<\/a> #<a href=\"http:\/\/search.twitter.com\/search?q=%23ff\" class=\"aktt_hashtag\">ff<\/a> #<a href=\"http:\/\/search.twitter.com\/search?q=%23ffse\" class=\"aktt_hashtag\">ffse<\/a> <a href=\"http:\/\/twitter.com\/oskardahlbom\/statuses\/6794768423\" class=\"aktt_tweet_time\">#<\/a><\/li>\n<li>Sl\u00e5 dig i slang med @gustavbates, han \u00e4r en sk\u00f6n kille. Och han bjuder p\u00e5 kaffe om du \u00e4r riktigt sn\u00e4ll! \ud83d\ude42 #<a href=\"http:\/\/search.twitter.com\/search?q=%23ff\" class=\"aktt_hashtag\">ff<\/a> #<a href=\"http:\/\/search.twitter.com\/search?q=%23ffse\" class=\"aktt_hashtag\">ffse<\/a> <a href=\"http:\/\/twitter.com\/oskardahlbom\/statuses\/6794952331\" class=\"aktt_tweet_time\">#<\/a><\/li>\n<li>@<a href=\"http:\/\/twitter.com\/pellet\" class=\"aktt_username\">pellet<\/a> Ska ni ocks\u00e5 se Eddie Izzard? Jag och min bror ska k\u00e4ka p\u00e5 \u00c5rstiderna innan. L\u00e4r vara bra. Dock centrala Malm\u00f6. <a href=\"http:\/\/twitter.com\/pellet\/statuses\/6797274846\" class=\"aktt_tweet_reply\">in reply to pellet<\/a> <a href=\"http:\/\/twitter.com\/oskardahlbom\/statuses\/6797521243\" class=\"aktt_tweet_time\">#<\/a><\/li>\n<li>H\u00e4rligt! Stort grattis och lycka till! RT @emanuelkarlsten: Ny bloggpost: Jag b\u00f6rjar p\u00e5 Expressen 2010  <a href=\"http:\/\/twitter.com\/oskardahlbom\/statuses\/6797557070\" class=\"aktt_tweet_time\">#<\/a><\/li>\n<li>P\u00e5 v\u00e4g till Malm\u00f6. Mycket t\u00e5gf\u00f6rseningar i Sk\u00e5ne. F\u00f6rst mat sen Eddie! <a href=\"http:\/\/twitter.com\/oskardahlbom\/statuses\/6799949831\" class=\"aktt_tweet_time\">#<\/a><\/li>\n<li>18.00 Vi intar f\u00f6rr\u00e4tten. Getost ftw! <a href=\"http:\/\/twitter.com\/oskardahlbom\/statuses\/6801799672\" class=\"aktt_tweet_time\">#<\/a><\/li>\n<li>Huvudr\u00e4tten p\u00e5 \u00c5rstiderna intagen. Mycket gott. Nu v\u00e4ntar chokladefterr\u00e4tt och kaffe. <a href=\"http:\/\/twitter.com\/oskardahlbom\/statuses\/6803928440\" class=\"aktt_tweet_time\">#<\/a><\/li>\n<li>P\u00e5 v\u00e4g i taxi till arenan. Lite sena. Trafikkaos. Eddie &#8211; v\u00e4nta med sk\u00e4mten! <a href=\"http:\/\/twitter.com\/oskardahlbom\/statuses\/6805235069\" class=\"aktt_tweet_time\">#<\/a><\/li>\n<li><a href=\"http:\/\/twitpic.com\/u1vef\" rel=\"nofollow\">http:\/\/twitpic.com\/u1vef<\/a> &#8211; Framme hos Eddie Izzard! <a href=\"http:\/\/twitter.com\/oskardahlbom\/statuses\/6805484620\" class=\"aktt_tweet_time\">#<\/a><\/li>\n<li><a href=\"http:\/\/twitpic.com\/u20ay\" rel=\"nofollow\">http:\/\/twitpic.com\/u20ay<\/a> &#8211; Eddie har b\u00f6rjat lysande! <a href=\"http:\/\/twitter.com\/oskardahlbom\/statuses\/6806273839\" class=\"aktt_tweet_time\">#<\/a><\/li>\n<li>Paus i showen. Mycket mycket bra. <a href=\"http:\/\/twitter.com\/oskardahlbom\/statuses\/6807078941\" class=\"aktt_tweet_time\">#<\/a><\/li>\n<li>@<a href=\"http:\/\/twitter.com\/eddieizzard\" class=\"aktt_username\">eddieizzard<\/a> Great show from the noose bleed section! <a href=\"http:\/\/twitter.com\/oskardahlbom\/statuses\/6807357404\" class=\"aktt_tweet_time\">#<\/a><\/li>\n<li>Utanf\u00f6r arenan. Transportkaos bland folkmassorna. Hoppas vi kommer hem i natt. <a href=\"http:\/\/twitter.com\/oskardahlbom\/statuses\/6809888295\" class=\"aktt_tweet_time\">#<\/a><\/li>\n<li>Nattpromenad genom Malm\u00f6. <a href=\"http:\/\/twitter.com\/oskardahlbom\/statuses\/6811892270\" class=\"aktt_tweet_time\">#<\/a><\/li>\n<li>Efter en promenad till stationen fr\u00e5n Malm\u00f6 Arena m\u00f6ts vi av inst\u00e4llda t\u00e5g. Nu taxi till Lund. <a href=\"http:\/\/twitter.com\/oskardahlbom\/statuses\/6812740017\" class=\"aktt_tweet_time\">#<\/a><\/li>\n<li>Hemma igen. Det har varit ett \u00e4ventyr, s\u00e5 mycket kan jag s\u00e4ga. <a href=\"http:\/\/twitter.com\/oskardahlbom\/statuses\/6813636550\" class=\"aktt_tweet_time\">#<\/a><\/li>\n<li>@<a href=\"http:\/\/twitter.com\/stielli\" class=\"aktt_username\">stielli<\/a> &quot;F\u00f6rel\u00e4sningen&quot; var mycket bra, tack! Nu vet jag allt om v\u00e4rldens utveckling. Tydligen finns det ingen gud. Betyg: 4 &quot;Jeff Vader&quot; <a href=\"http:\/\/twitter.com\/stielli\/statuses\/6809920374\" class=\"aktt_tweet_reply\">in reply to stielli<\/a> <a href=\"http:\/\/twitter.com\/oskardahlbom\/statuses\/6823902841\" class=\"aktt_tweet_time\">#<\/a><\/li>\n<li>@<a href=\"http:\/\/twitter.com\/JustSaracen\" class=\"aktt_username\">JustSaracen<\/a> Yes, I did. Great show! <a href=\"http:\/\/twitter.com\/JustSaracen\/statuses\/6808408921\" class=\"aktt_tweet_reply\">in reply to JustSaracen<\/a> <a href=\"http:\/\/twitter.com\/oskardahlbom\/statuses\/6823922259\" class=\"aktt_tweet_time\">#<\/a><\/li>\n<li>F\u00f6delsedag. Sovmorgon. L\u00e5ngfrukost. Familj. Gratulationer. Presenter. En dag att minnas, helt enkelt. Och den har bara b\u00f6rjat. <a href=\"http:\/\/twitter.com\/oskardahlbom\/statuses\/6825422263\" class=\"aktt_tweet_time\">#<\/a><\/li>\n<li>@<a href=\"http:\/\/twitter.com\/stielli\" class=\"aktt_username\">stielli<\/a> Tack! Ja, &quot;lille&quot; @<a href=\"http:\/\/twitter.com\/oskardahlbom\" class=\"aktt_username\">oskardahlbom<\/a> fyller 27 idag. Snart 30 allts\u00e5. K\u00e4nns bra. <a href=\"http:\/\/twitter.com\/stielli\/statuses\/6825430952\" class=\"aktt_tweet_reply\">in reply to stielli<\/a> <a href=\"http:\/\/twitter.com\/oskardahlbom\/statuses\/6825619523\" class=\"aktt_tweet_time\">#<\/a><\/li>\n<li>Nu ska vi testa Maxs nya falafelburgare! <a href=\"http:\/\/twitter.com\/oskardahlbom\/statuses\/6826478227\" class=\"aktt_tweet_time\">#<\/a><\/li>\n<li>@<a href=\"http:\/\/twitter.com\/Edborn\" class=\"aktt_username\">Edborn<\/a> Tack s\u00e5 mycket! <a href=\"http:\/\/twitter.com\/Edborn\/statuses\/6825940192\" class=\"aktt_tweet_reply\">in reply to Edborn<\/a> <a href=\"http:\/\/twitter.com\/oskardahlbom\/statuses\/6827331953\" class=\"aktt_tweet_time\">#<\/a><\/li>\n<li>Josefin har ordnat med biobes\u00f6k. Gusten har ordnat med barnvakt. <a href=\"http:\/\/twitter.com\/oskardahlbom\/statuses\/6829773842\" class=\"aktt_tweet_time\">#<\/a><\/li>\n<li>Och nu blir det mysfika p\u00e5 Espresso House. \u00d6verraskningarna forts\u00e4tter. <a href=\"http:\/\/twitter.com\/oskardahlbom\/statuses\/6832423498\" class=\"aktt_tweet_time\">#<\/a><\/li>\n<li>F\u00f6delsedagen har fortsatt i stor stil. Biobes\u00f6k, caf\u00e9bes\u00f6k, sen hem och \u00e4ta indiskt med Gusten och hans mormor och morfar. <a href=\"http:\/\/twitter.com\/oskardahlbom\/statuses\/6836896758\" class=\"aktt_tweet_time\">#<\/a><\/li>\n<li>Nu tar Josi nattningen av G ocks\u00e5. En sk\u00f6n avslutning p\u00e5 en alldeles perfekt dag. Stort tack till alla som f\u00f6rgyllde den! <a href=\"http:\/\/twitter.com\/oskardahlbom\/statuses\/6838208685\" class=\"aktt_tweet_time\">#<\/a><\/li>\n<li>En av 00-talets absolut b\u00e4sta filmer. RT @byBalsam: Nu The Squid and the whale p\u00e5 SVT2 <a href=\"http:\/\/tinyurl.com\/ybgjz7a\" rel=\"nofollow\">http:\/\/tinyurl.com\/ybgjz7a<\/a>. <a href=\"http:\/\/twitter.com\/oskardahlbom\/statuses\/6838346356\" class=\"aktt_tweet_time\">#<\/a><\/li>\n<li>@<a href=\"http:\/\/twitter.com\/deeped\" class=\"aktt_username\">deeped<\/a> Nej, inte alls bra vad jag kan minnas. <a href=\"http:\/\/twitter.com\/deeped\/statuses\/6838462241\" class=\"aktt_tweet_reply\">in reply to deeped<\/a> <a href=\"http:\/\/twitter.com\/oskardahlbom\/statuses\/6838612832\" class=\"aktt_tweet_time\">#<\/a><\/li>\n<li>Han VAR snygg. Absolut. RT @200stegtill: \u00c4r Chevy Chase snygg? <a href=\"http:\/\/twitter.com\/oskardahlbom\/statuses\/6838966442\" class=\"aktt_tweet_time\">#<\/a><\/li>\n<li>Ett helt \u00e5r till n\u00e4sta f\u00f6delsedag. Aldrig f\u00f6rr har sj\u00e4lvdistans k\u00e4nts s\u00e5 tr\u00e5kigt. <a href=\"http:\/\/twitter.com\/oskardahlbom\/statuses\/6854033758\" class=\"aktt_tweet_time\">#<\/a><\/li>\n<li>@<a href=\"http:\/\/twitter.com\/politikerlilith\" class=\"aktt_username\">politikerlilith<\/a> Tack s\u00e5 mycket! \ud83d\ude42 <a href=\"http:\/\/twitter.com\/politikerlilith\/statuses\/6854064408\" class=\"aktt_tweet_reply\">in reply to politikerlilith<\/a> <a href=\"http:\/\/twitter.com\/oskardahlbom\/statuses\/6854172933\" class=\"aktt_tweet_time\">#<\/a><\/li>\n<li><a href=\"http:\/\/twitpic.com\/ucazh\" rel=\"nofollow\">http:\/\/twitpic.com\/ucazh<\/a> &#8211; H\u00e4r badade jag nyss <a href=\"http:\/\/twitter.com\/oskardahlbom\/statuses\/6860270101\" class=\"aktt_tweet_time\">#<\/a><\/li>\n<li>@<a href=\"http:\/\/twitter.com\/gustavbates\" class=\"aktt_username\">gustavbates<\/a> Ja, det var n\u00e5gon variant p\u00e5 det. Fast med varm bastu och iskallt dopp i havet\/sn\u00f6n. +1 i vattnet runt Malm\u00f6 idag. H\u00e4rligt! <a href=\"http:\/\/twitter.com\/gustavbates\/statuses\/6860571218\" class=\"aktt_tweet_reply\">in reply to gustavbates<\/a> <a href=\"http:\/\/twitter.com\/oskardahlbom\/statuses\/6869513386\" class=\"aktt_tweet_time\">#<\/a><\/li>\n<li>@<a href=\"http:\/\/twitter.com\/ScottBourne\" class=\"aktt_username\">ScottBourne<\/a> I would like it! \ud83d\ude42 <a href=\"http:\/\/twitter.com\/oskardahlbom\/statuses\/6871487689\" class=\"aktt_tweet_time\">#<\/a><\/li>\n<\/ul>\n","protected":false},"excerpt":{"rendered":"<p>M\u00e5ndagmorgon. Jag blev nyss kallad f\u00f6r en fryslort. Jag hade nog blivit f\u00f6rn\u00e4rmad, om jag hade vetat vad en fryslort \u00e4r. # \u00c5h, Anna Stadling p\u00e5 #nymo nu. Hon \u00e4r f\u00f6r himla bra. Lyfter Engmans Kapell en hel del. #TV4 # Jag hade inte t\u00e4nkt skriva om dagens lunch men tortillan med v\u00e4sterbottenost och g\u00e5rdagens [&hellip;]<\/p>\n","protected":false},"author":1,"featured_media":0,"comment_status":"open","ping_status":"open","sticky":false,"template":"","format":"standard","meta":{"footnotes":""},"categories":[4],"tags":[509],"class_list":["post-290","post","type-post","status-publish","format-standard","hentry","category-twitter","tag-twitter"],"_links":{"self":[{"href":"https:\/\/oskardahlbom.se\/blogg\/index.php\/wp-json\/wp\/v2\/posts\/290","targetHints":{"allow":["GET"]}}],"collection":[{"href":"https:\/\/oskardahlbom.se\/blogg\/index.php\/wp-json\/wp\/v2\/posts"}],"about":[{"href":"https:\/\/oskardahlbom.se\/blogg\/index.php\/wp-json\/wp\/v2\/types\/post"}],"author":[{"embeddable":true,"href":"https:\/\/oskardahlbom.se\/blogg\/index.php\/wp-json\/wp\/v2\/users\/1"}],"replies":[{"embeddable":true,"href":"https:\/\/oskardahlbom.se\/blogg\/index.php\/wp-json\/wp\/v2\/comments?post=290"}],"version-history":[{"count":0,"href":"https:\/\/oskardahlbom.se\/blogg\/index.php\/wp-json\/wp\/v2\/posts\/290\/revisions"}],"wp:attachment":[{"href":"https:\/\/oskardahlbom.se\/blogg\/index.php\/wp-json\/wp\/v2\/media?parent=290"}],"wp:term":[{"taxonomy":"category","embeddable":true,"href":"https:\/\/oskardahlbom.se\/blogg\/index.php\/wp-json\/wp\/v2\/categories?post=290"},{"taxonomy":"post_tag","embeddable":true,"href":"https:\/\/oskardahlbom.se\/blogg\/index.php\/wp-json\/wp\/v2\/tags?post=290"}],"curies":[{"name":"wp","href":"https:\/\/api.w.org\/{rel}","templated":true}]}}