{"id":1272,"date":"2013-03-05T23:57:16","date_gmt":"2013-03-05T22:57:16","guid":{"rendered":"http:\/\/oskardahlbom.se\/blogg\/?p=1272"},"modified":"2013-03-06T00:06:02","modified_gmt":"2013-03-05T23:06:02","slug":"alskade-visby-blogg100","status":"publish","type":"post","link":"https:\/\/oskardahlbom.se\/blogg\/index.php\/2013\/03\/05\/alskade-visby-blogg100\/","title":{"rendered":"\u00c4lskade Visby #blogg100"},"content":{"rendered":"<p style=\"text-align: left;\">N\u00e4r jag gick runt i stan ig\u00e5r f\u00f6r att fota f\u00f6r Visby Centrum-bilagan s\u00e5 passade jag \u00e4ven p\u00e5 att f\u00e5nga n\u00e5gra panoraman med iPhonens inbyggda funktion. De bilderna kom inte med i bilagan denna g\u00e5ng s\u00e5 jag t\u00e4nkte dela med mig av n\u00e5gra foton h\u00e4r. Mest s\u00e5 att ni ska f\u00f6rst\u00e5 varf\u00f6r mitt hj\u00e4rta klappar s\u00e5 h\u00e5rt f\u00f6r den h\u00e4r staden.<\/p>\n<p style=\"text-align: center;\"><img loading=\"lazy\" decoding=\"async\" class=\"aligncenter  wp-image-1278\" title=\"Stora torget\" src=\"http:\/\/oskardahlbom.se\/blogg\/wp-content\/uploads\/2013\/03\/Stora-torget.jpg\" alt=\"\" width=\"504\" height=\"115\" srcset=\"https:\/\/oskardahlbom.se\/blogg\/wp-content\/uploads\/2013\/03\/Stora-torget.jpg 2000w, https:\/\/oskardahlbom.se\/blogg\/wp-content\/uploads\/2013\/03\/Stora-torget-300x68.jpg 300w, https:\/\/oskardahlbom.se\/blogg\/wp-content\/uploads\/2013\/03\/Stora-torget-1024x234.jpg 1024w\" sizes=\"auto, (max-width: 504px) 100vw, 504px\" \/><\/p>\n<p style=\"text-align: center;\"><a href=\"http:\/\/oskardahlbom.se\/blogg\/wp-content\/uploads\/2013\/03\/H\u00e4stbacken.jpg\"><img loading=\"lazy\" decoding=\"async\" class=\"aligncenter  wp-image-1281\" title=\"H\u00e4stbacken\" src=\"http:\/\/oskardahlbom.se\/blogg\/wp-content\/uploads\/2013\/03\/H\u00e4stbacken.jpg\" alt=\"\" width=\"504\" height=\"114\" srcset=\"https:\/\/oskardahlbom.se\/blogg\/wp-content\/uploads\/2013\/03\/H\u00e4stbacken.jpg 2000w, https:\/\/oskardahlbom.se\/blogg\/wp-content\/uploads\/2013\/03\/H\u00e4stbacken-300x68.jpg 300w, https:\/\/oskardahlbom.se\/blogg\/wp-content\/uploads\/2013\/03\/H\u00e4stbacken-1024x232.jpg 1024w\" sizes=\"auto, (max-width: 504px) 100vw, 504px\" \/><\/a><\/p>\n<p style=\"text-align: center;\"><a href=\"http:\/\/oskardahlbom.se\/blogg\/wp-content\/uploads\/2013\/03\/S\u00f6dertorg.jpg\"><img loading=\"lazy\" decoding=\"async\" class=\"aligncenter  wp-image-1280\" title=\"S\u00f6dertorg\" src=\"http:\/\/oskardahlbom.se\/blogg\/wp-content\/uploads\/2013\/03\/S\u00f6dertorg.jpg\" alt=\"\" width=\"504\" height=\"112\" srcset=\"https:\/\/oskardahlbom.se\/blogg\/wp-content\/uploads\/2013\/03\/S\u00f6dertorg.jpg 2000w, https:\/\/oskardahlbom.se\/blogg\/wp-content\/uploads\/2013\/03\/S\u00f6dertorg-300x66.jpg 300w, https:\/\/oskardahlbom.se\/blogg\/wp-content\/uploads\/2013\/03\/S\u00f6dertorg-1024x226.jpg 1024w\" sizes=\"auto, (max-width: 504px) 100vw, 504px\" \/><\/a><\/p>\n<p style=\"text-align: center;\"><a href=\"http:\/\/oskardahlbom.se\/blogg\/wp-content\/uploads\/2013\/03\/\u00d6stertorg.jpg\"><img loading=\"lazy\" decoding=\"async\" class=\"aligncenter  wp-image-1279\" title=\"\u00d6stertorg\" src=\"http:\/\/oskardahlbom.se\/blogg\/wp-content\/uploads\/2013\/03\/\u00d6stertorg.jpg\" alt=\"\" width=\"504\" height=\"113\" srcset=\"https:\/\/oskardahlbom.se\/blogg\/wp-content\/uploads\/2013\/03\/\u00d6stertorg.jpg 2000w, https:\/\/oskardahlbom.se\/blogg\/wp-content\/uploads\/2013\/03\/\u00d6stertorg-300x67.jpg 300w, https:\/\/oskardahlbom.se\/blogg\/wp-content\/uploads\/2013\/03\/\u00d6stertorg-1024x230.jpg 1024w\" sizes=\"auto, (max-width: 504px) 100vw, 504px\" \/><\/a><\/p>\n","protected":false},"excerpt":{"rendered":"<p>N\u00e4r jag gick runt i stan ig\u00e5r f\u00f6r att fota f\u00f6r Visby Centrum-bilagan s\u00e5 passade jag \u00e4ven p\u00e5 att f\u00e5nga n\u00e5gra panoraman med iPhonens inbyggda funktion. De bilderna kom inte med i bilagan denna g\u00e5ng s\u00e5 jag t\u00e4nkte dela med mig av n\u00e5gra foton h\u00e4r. Mest s\u00e5 att ni ska f\u00f6rst\u00e5 varf\u00f6r mitt hj\u00e4rta klappar [&hellip;]<\/p>\n","protected":false},"author":1,"featured_media":0,"comment_status":"open","ping_status":"open","sticky":false,"template":"","format":"standard","meta":{"footnotes":""},"categories":[285,380],"tags":[516,381,195,377],"class_list":["post-1272","post","type-post","status-publish","format-standard","hentry","category-blogg100","category-foto","tag-foto","tag-panorama","tag-visby","tag-visby-centrum"],"_links":{"self":[{"href":"https:\/\/oskardahlbom.se\/blogg\/index.php\/wp-json\/wp\/v2\/posts\/1272","targetHints":{"allow":["GET"]}}],"collection":[{"href":"https:\/\/oskardahlbom.se\/blogg\/index.php\/wp-json\/wp\/v2\/posts"}],"about":[{"href":"https:\/\/oskardahlbom.se\/blogg\/index.php\/wp-json\/wp\/v2\/types\/post"}],"author":[{"embeddable":true,"href":"https:\/\/oskardahlbom.se\/blogg\/index.php\/wp-json\/wp\/v2\/users\/1"}],"replies":[{"embeddable":true,"href":"https:\/\/oskardahlbom.se\/blogg\/index.php\/wp-json\/wp\/v2\/comments?post=1272"}],"version-history":[{"count":3,"href":"https:\/\/oskardahlbom.se\/blogg\/index.php\/wp-json\/wp\/v2\/posts\/1272\/revisions"}],"predecessor-version":[{"id":1283,"href":"https:\/\/oskardahlbom.se\/blogg\/index.php\/wp-json\/wp\/v2\/posts\/1272\/revisions\/1283"}],"wp:attachment":[{"href":"https:\/\/oskardahlbom.se\/blogg\/index.php\/wp-json\/wp\/v2\/media?parent=1272"}],"wp:term":[{"taxonomy":"category","embeddable":true,"href":"https:\/\/oskardahlbom.se\/blogg\/index.php\/wp-json\/wp\/v2\/categories?post=1272"},{"taxonomy":"post_tag","embeddable":true,"href":"https:\/\/oskardahlbom.se\/blogg\/index.php\/wp-json\/wp\/v2\/tags?post=1272"}],"curies":[{"name":"wp","href":"https:\/\/api.w.org\/{rel}","templated":true}]}}