{"id":1182,"date":"2013-03-01T23:24:50","date_gmt":"2013-03-01T22:24:50","guid":{"rendered":"http:\/\/oskardahlbom.se\/blogg\/?p=1182"},"modified":"2013-03-01T23:24:50","modified_gmt":"2013-03-01T22:24:50","slug":"mer-kaffedesign-blogg100","status":"publish","type":"post","link":"https:\/\/oskardahlbom.se\/blogg\/index.php\/2013\/03\/01\/mer-kaffedesign-blogg100\/","title":{"rendered":"Mer kaffedesign #blogg100"},"content":{"rendered":"<p>Jag har lagt upp en ny &#8221;<a href=\"http:\/\/www.redbubble.com\/people\/oskardahlbom\/works\/10034810-the-beaning-of-life\">The Beaning of Life<\/a>&#8221;-design p\u00e5 Redbubble. Jag har redan best\u00e4llt ett ex av den ekologiska svarta. Sweet!<\/p>\n<p style=\"text-align: center;\"><a href=\"http:\/\/oskardahlbom.se\/blogg\/wp-content\/uploads\/2013\/03\/Sk\u00e4rmavbild-2013-03-01-kl.-23.16.57.png\"><img loading=\"lazy\" decoding=\"async\" class=\"aligncenter size-full wp-image-1183\" title=\"The Beaning of Life\" src=\"http:\/\/oskardahlbom.se\/blogg\/wp-content\/uploads\/2013\/03\/Sk\u00e4rmavbild-2013-03-01-kl.-23.16.57.png\" alt=\"The Beaning of Life\" width=\"550\" height=\"344\" srcset=\"https:\/\/oskardahlbom.se\/blogg\/wp-content\/uploads\/2013\/03\/Sk\u00e4rmavbild-2013-03-01-kl.-23.16.57.png 550w, https:\/\/oskardahlbom.se\/blogg\/wp-content\/uploads\/2013\/03\/Sk\u00e4rmavbild-2013-03-01-kl.-23.16.57-300x187.png 300w\" sizes=\"auto, (max-width: 550px) 100vw, 550px\" \/><\/a><\/p>\n<p>Och precis just nu h\u00e5ller jag p\u00e5 att skicka \u00f6ver en fil till tryckeriet med samma typografi + kaffeb\u00f6nor i bakgrunden som ska bli till en ny affisch. H\u00f6r av dig om du \u00e4r intresserad s\u00e5 \u00e5terkommer jag n\u00e4r den finns till\u00a0f\u00f6rs\u00e4ljning\u00a0hos <a href=\"http:\/\/kraenku.se\">Kr\u00e4nku<\/a>.<\/p>\n","protected":false},"excerpt":{"rendered":"<p>Jag har lagt upp en ny &#8221;The Beaning of Life&#8221;-design p\u00e5 Redbubble. Jag har redan best\u00e4llt ett ex av den ekologiska svarta. Sweet! Och precis just nu h\u00e5ller jag p\u00e5 att skicka \u00f6ver en fil till tryckeriet med samma typografi + kaffeb\u00f6nor i bakgrunden som ska bli till en ny affisch. H\u00f6r av dig om [&hellip;]<\/p>\n","protected":false},"author":1,"featured_media":0,"comment_status":"open","ping_status":"open","sticky":false,"template":"","format":"standard","meta":{"footnotes":""},"categories":[285,9,275],"tags":[180,201,51,373,364,327,374],"class_list":["post-1182","post","type-post","status-publish","format-standard","hentry","category-blogg100","category-design","category-kaffe-2","tag-affisch","tag-design-2","tag-kaffe","tag-poster","tag-redbubble","tag-t-shirt","tag-the-beaning-of-life"],"_links":{"self":[{"href":"https:\/\/oskardahlbom.se\/blogg\/index.php\/wp-json\/wp\/v2\/posts\/1182","targetHints":{"allow":["GET"]}}],"collection":[{"href":"https:\/\/oskardahlbom.se\/blogg\/index.php\/wp-json\/wp\/v2\/posts"}],"about":[{"href":"https:\/\/oskardahlbom.se\/blogg\/index.php\/wp-json\/wp\/v2\/types\/post"}],"author":[{"embeddable":true,"href":"https:\/\/oskardahlbom.se\/blogg\/index.php\/wp-json\/wp\/v2\/users\/1"}],"replies":[{"embeddable":true,"href":"https:\/\/oskardahlbom.se\/blogg\/index.php\/wp-json\/wp\/v2\/comments?post=1182"}],"version-history":[{"count":2,"href":"https:\/\/oskardahlbom.se\/blogg\/index.php\/wp-json\/wp\/v2\/posts\/1182\/revisions"}],"predecessor-version":[{"id":1185,"href":"https:\/\/oskardahlbom.se\/blogg\/index.php\/wp-json\/wp\/v2\/posts\/1182\/revisions\/1185"}],"wp:attachment":[{"href":"https:\/\/oskardahlbom.se\/blogg\/index.php\/wp-json\/wp\/v2\/media?parent=1182"}],"wp:term":[{"taxonomy":"category","embeddable":true,"href":"https:\/\/oskardahlbom.se\/blogg\/index.php\/wp-json\/wp\/v2\/categories?post=1182"},{"taxonomy":"post_tag","embeddable":true,"href":"https:\/\/oskardahlbom.se\/blogg\/index.php\/wp-json\/wp\/v2\/tags?post=1182"}],"curies":[{"name":"wp","href":"https:\/\/api.w.org\/{rel}","templated":true}]}}