{"id":403,"date":"2010-07-18T22:59:00","date_gmt":"2010-07-18T20:59:00","guid":{"rendered":"http:\/\/oskardahlbom.se\/blogg\/index.php\/2010\/07\/18\/veckans-twitter-46\/"},"modified":"2010-11-10T00:23:12","modified_gmt":"2010-11-09T23:23:12","slug":"veckans-twitter-46","status":"publish","type":"post","link":"http:\/\/oskardahlbom.se\/blogg\/index.php\/2010\/07\/18\/veckans-twitter-46\/","title":{"rendered":"Veckans twitter"},"content":{"rendered":"<ul class=\"aktt_tweet_digest\">\n<li>Nej! \u00c4lskar American Splendor. RT @<a href=\"http:\/\/twitter.com\/DesignObserver\" class=\"aktt_username\">DesignObserver<\/a> OBSERVED: Harvey Pekar Dead at 70:   <a href=\"http:\/\/twitter.com\/oskardahlbom\/statuses\/18373058750\" class=\"aktt_tweet_time\">#<\/a><\/li>\n<li>H\u00e4rlig morgonstund. Jag bakar br\u00f6d. Gusten ritar ute p\u00e5 balkongen. <a href=\"http:\/\/twitpic.com\/24v4kt\" rel=\"nofollow\">http:\/\/twitpic.com\/24v4kt<\/a> <a href=\"http:\/\/twitter.com\/oskardahlbom\/statuses\/18416508775\" class=\"aktt_tweet_time\">#<\/a><\/li>\n<li>@<a href=\"http:\/\/twitter.com\/mogmatte\" class=\"aktt_username\">mogmatte<\/a> Ja, jag kan t\u00e4nka mig att Gusten blir inspirerad n\u00e4r han m\u00e5lar. \ud83d\ude42 <a href=\"http:\/\/twitter.com\/mogmatte\/statuses\/18416746890\" class=\"aktt_tweet_reply\">in reply to mogmatte<\/a> <a href=\"http:\/\/twitter.com\/oskardahlbom\/statuses\/18416855677\" class=\"aktt_tweet_time\">#<\/a><\/li>\n<li>Damn right! RT @<a href=\"http:\/\/twitter.com\/jasontimbuktu\" class=\"aktt_username\">jasontimbuktu<\/a> det \u00e4r Do The Right Thing v\u00e4der people&#8230;ta p\u00e5 er ett par Jordans, k\u00f6p en slice, starta ett upplopp!!! <a href=\"http:\/\/twitter.com\/oskardahlbom\/statuses\/18433485815\" class=\"aktt_tweet_time\">#<\/a><\/li>\n<li>Det finns underbar AC p\u00e5 @<a href=\"http:\/\/twitter.com\/kraenku\" class=\"aktt_username\">kraenku<\/a>. Jobbigt med v\u00e4rmechock varje g\u00e5ng man g\u00e5r ut dock. (@ Kr\u00e4nku Te &amp; Kaffe) <a href=\"http:\/\/4sq.com\/bWjVRU\" rel=\"nofollow\">http:\/\/4sq.com\/bWjVRU<\/a> <a href=\"http:\/\/twitter.com\/oskardahlbom\/statuses\/18435647079\" class=\"aktt_tweet_time\">#<\/a><\/li>\n<li>RT @<a href=\"http:\/\/twitter.com\/kraenku\" class=\"aktt_username\">kraenku<\/a> En av v\u00e5ra vackraste blandningar, b\u00e5de till namn och utseende &#8211; K\u00e4rlekste fr\u00e5n Gotland. <a href=\"http:\/\/twitpic.com\/24xphn\" rel=\"nofollow\">http:\/\/twitpic.com\/24xphn<\/a> <a href=\"http:\/\/twitter.com\/oskardahlbom\/statuses\/18437970309\" class=\"aktt_tweet_time\">#<\/a><\/li>\n<li>Idag fyller Gusten tv\u00e5 \u00e5r. S\u00e5 idag firar vi de tv\u00e5 b\u00e4sta \u00e5ren i mitt liv. #<a href=\"http:\/\/search.twitter.com\/search?q=%23GrattisGusten\" class=\"aktt_hashtag\">GrattisGusten<\/a> <a href=\"http:\/\/twitter.com\/oskardahlbom\/statuses\/18580881500\" class=\"aktt_tweet_time\">#<\/a><\/li>\n<li>@<a href=\"http:\/\/twitter.com\/rockspindeln\" class=\"aktt_username\">rockspindeln<\/a> Tack s\u00e5 mycket! Jag h\u00e4lsar direkt!  #<a href=\"http:\/\/search.twitter.com\/search?q=%23GrattisGusten\" class=\"aktt_hashtag\">GrattisGusten<\/a> <a href=\"http:\/\/twitter.com\/rockspindeln\/statuses\/18580966275\" class=\"aktt_tweet_reply\">in reply to rockspindeln<\/a> <a href=\"http:\/\/twitter.com\/oskardahlbom\/statuses\/18581202346\" class=\"aktt_tweet_time\">#<\/a><\/li>\n<li>@<a href=\"http:\/\/twitter.com\/darksidedesign\" class=\"aktt_username\">darksidedesign<\/a> God morgon! Boxcar dummar sig och jag s\u00e5g h\u00e4lsningen f\u00f6rst nu. Men jag \u00e4r inte s\u00e4mre \u00e4n att jag svarar nu. Trevlig torsdag! <a href=\"http:\/\/twitter.com\/darksidedesign\/statuses\/18581705606\" class=\"aktt_tweet_reply\">in reply to darksidedesign<\/a> <a href=\"http:\/\/twitter.com\/oskardahlbom\/statuses\/18598011134\" class=\"aktt_tweet_time\">#<\/a><\/li>\n<li>@<a href=\"http:\/\/twitter.com\/bingsson\" class=\"aktt_username\">bingsson<\/a> Tack tack s\u00e4ger Gusten! #<a href=\"http:\/\/search.twitter.com\/search?q=%23GrattisGusten\" class=\"aktt_hashtag\">GrattisGusten<\/a> <a href=\"http:\/\/twitter.com\/bingsson\/statuses\/18589851635\" class=\"aktt_tweet_reply\">in reply to bingsson<\/a> <a href=\"http:\/\/twitter.com\/oskardahlbom\/statuses\/18598032949\" class=\"aktt_tweet_time\">#<\/a><\/li>\n<li>Gusten fyller \u00e5r s\u00e5 jag har \u00e4ntligen en bra anledning att #<a href=\"http:\/\/search.twitter.com\/search?q=%23baka\" class=\"aktt_hashtag\">baka<\/a> igen! #<a href=\"http:\/\/search.twitter.com\/search?q=%23lycka\" class=\"aktt_hashtag\">lycka<\/a> <a href=\"http:\/\/twitter.com\/oskardahlbom\/statuses\/18598073115\" class=\"aktt_tweet_time\">#<\/a><\/li>\n<li>Jag har bakat. #<a href=\"http:\/\/search.twitter.com\/search?q=%23GrattisGusten\" class=\"aktt_hashtag\">GrattisGusten<\/a> <a href=\"http:\/\/twitpic.com\/25kpmu\" rel=\"nofollow\">http:\/\/twitpic.com\/25kpmu<\/a> <a href=\"http:\/\/twitter.com\/oskardahlbom\/statuses\/18627649647\" class=\"aktt_tweet_time\">#<\/a><\/li>\n<li>Att jag sj\u00e4lv twittar lite dessa dagar g\u00f6r mig inte s\u00e5 mycket. Men att jag missar vad ni andra skriver g\u00f6r lite ont i mig. <a href=\"http:\/\/twitter.com\/oskardahlbom\/statuses\/18674144077\" class=\"aktt_tweet_time\">#<\/a><\/li>\n<li>@<a href=\"http:\/\/twitter.com\/jimmyasklund\" class=\"aktt_username\">jimmyasklund<\/a> Jag missar inga mentions, men jag hinner inte kolla fl\u00f6det s\u00e5 ofta. <a href=\"http:\/\/twitter.com\/jimmyasklund\/statuses\/18674187844\" class=\"aktt_tweet_reply\">in reply to jimmyasklund<\/a> <a href=\"http:\/\/twitter.com\/oskardahlbom\/statuses\/18676129372\" class=\"aktt_tweet_time\">#<\/a><\/li>\n<li>Fredagsgott! (@ Kanjanas) <a href=\"http:\/\/4sq.com\/bzU32R\" rel=\"nofollow\">http:\/\/4sq.com\/bzU32R<\/a> <a href=\"http:\/\/twitter.com\/oskardahlbom\/statuses\/18696812144\" class=\"aktt_tweet_time\">#<\/a><\/li>\n<li>Kv\u00e4llens solnedg\u00e5ng. #<a href=\"http:\/\/search.twitter.com\/search?q=%23galgberget\" class=\"aktt_hashtag\">galgberget<\/a> #Gotland <a href=\"http:\/\/twitpic.com\/25v8sh\" rel=\"nofollow\">http:\/\/twitpic.com\/25v8sh<\/a> <a href=\"http:\/\/twitter.com\/oskardahlbom\/statuses\/18710003576\" class=\"aktt_tweet_time\">#<\/a><\/li>\n<li>@<a href=\"http:\/\/twitter.com\/skoldmo\" class=\"aktt_username\">skoldmo<\/a> Haha! Priceless! Vi ska kolla nu ikv\u00e4ll. L\u00e4ngtar! <a href=\"http:\/\/twitter.com\/skoldmo\/statuses\/18705716701\" class=\"aktt_tweet_reply\">in reply to skoldmo<\/a> <a href=\"http:\/\/twitter.com\/oskardahlbom\/statuses\/18710274314\" class=\"aktt_tweet_time\">#<\/a><\/li>\n<li>Mulet och \u00e5ska i Visby idag. Jag saknar redan solen, men inte v\u00e4rmen. <a href=\"http:\/\/twitter.com\/oskardahlbom\/statuses\/18755923778\" class=\"aktt_tweet_time\">#<\/a><\/li>\n<li>Testar mackorna p\u00e5 Amalias f\u00f6r f\u00f6rsta g\u00e5ngen. (@ Cafe Amalia) <a href=\"http:\/\/4sq.com\/bAxuSQ\" rel=\"nofollow\">http:\/\/4sq.com\/bAxuSQ<\/a> <a href=\"http:\/\/twitter.com\/oskardahlbom\/statuses\/18760677109\" class=\"aktt_tweet_time\">#<\/a><\/li>\n<li>@<a href=\"http:\/\/twitter.com\/skoldmo\" class=\"aktt_username\">skoldmo<\/a> Jag somnade ifr\u00e5n slutet, kan du t\u00e4nka dig!? Men jag s\u00e5g Angelos kommentar. Jag kan inte riktigt f\u00e5 nog av hans sleezeballness. <a href=\"http:\/\/twitter.com\/skoldmo\/statuses\/18717322820\" class=\"aktt_tweet_reply\">in reply to skoldmo<\/a> <a href=\"http:\/\/twitter.com\/oskardahlbom\/statuses\/18767177754\" class=\"aktt_tweet_time\">#<\/a><\/li>\n<li>\u00c5ska \u00f6ver Visby &#8211; LIVE at <a href=\"http:\/\/bambuser.com\/v\/895124\" rel=\"nofollow\">http:\/\/bambuser.com\/v\/895124<\/a> <a href=\"http:\/\/twitter.com\/oskardahlbom\/statuses\/18772108090\" class=\"aktt_tweet_time\">#<\/a><\/li>\n<li>@<a href=\"http:\/\/twitter.com\/lowenhamn\" class=\"aktt_username\">lowenhamn<\/a> Att bambusa? Jag tror inte den skickade n\u00e5gon bild dock eftersom wifi ligger nere pga str\u00f6mavbrott. Laddar upp lite \u00f6ver 3G nu. <a href=\"http:\/\/twitter.com\/lowenhamn\/statuses\/18772864028\" class=\"aktt_tweet_reply\">in reply to lowenhamn<\/a> <a href=\"http:\/\/twitter.com\/oskardahlbom\/statuses\/18774010857\" class=\"aktt_tweet_time\">#<\/a><\/li>\n<li>@<a href=\"http:\/\/twitter.com\/lowenhamn\" class=\"aktt_username\">lowenhamn<\/a> Ah du gjorde ocks\u00e5!? Ja, jag tyckte det var s\u00e5 tufft s\u00e5 jag ville dela med mig. Verkar ha lugnat ner sig nu, men ingen str\u00f6m \u00e4n. <a href=\"http:\/\/twitter.com\/lowenhamn\/statuses\/18774094739\" class=\"aktt_tweet_reply\">in reply to lowenhamn<\/a> <a href=\"http:\/\/twitter.com\/oskardahlbom\/statuses\/18774593424\" class=\"aktt_tweet_time\">#<\/a><\/li>\n<li>Vi trotsade regn och str\u00f6mavbrott och grillade i ett partyt\u00e4lt och kokade potatis p\u00e5 trangiak\u00f6k. #<a href=\"http:\/\/search.twitter.com\/search?q=%23sommarju\" class=\"aktt_hashtag\">sommarju<\/a> <a href=\"http:\/\/twitter.com\/oskardahlbom\/statuses\/18784065031\" class=\"aktt_tweet_time\">#<\/a><\/li>\n<li>@<a href=\"http:\/\/twitter.com\/_tobbe\" class=\"aktt_username\">_tobbe<\/a> Jag tycker Snackr \u00e4r lite sm\u00e5mysig att ha p\u00e5 ibland. #<a href=\"http:\/\/search.twitter.com\/search?q=%23rss\" class=\"aktt_hashtag\">rss<\/a> <a href=\"http:\/\/twitter.com\/_tobbe\/statuses\/18790480499\" class=\"aktt_tweet_reply\">in reply to _tobbe<\/a> <a href=\"http:\/\/twitter.com\/oskardahlbom\/statuses\/18792081058\" class=\"aktt_tweet_time\">#<\/a><\/li>\n<li>Eftermiddagsmys p\u00e5 f\u00f6r\u00e4ldrarnas g\u00e5rd i Visby. <a href=\"http:\/\/twitpic.com\/26hyxf\" rel=\"nofollow\">http:\/\/twitpic.com\/26hyxf<\/a> <a href=\"http:\/\/twitter.com\/oskardahlbom\/statuses\/18841270347\" class=\"aktt_tweet_time\">#<\/a><\/li>\n<li>@<a href=\"http:\/\/twitter.com\/KatinkaBille\" class=\"aktt_username\">KatinkaBille<\/a> Ja, helt underbart! De har en liten oas h\u00e4r i innerstan. <a href=\"http:\/\/twitter.com\/KatinkaBille\/statuses\/18844243372\" class=\"aktt_tweet_reply\">in reply to KatinkaBille<\/a> <a href=\"http:\/\/twitter.com\/oskardahlbom\/statuses\/18846399466\" class=\"aktt_tweet_time\">#<\/a><\/li>\n<li>B\u00e4sta maten i Visby? N\u00e4stan. (@ Village Tandori) <a href=\"http:\/\/4sq.com\/bazEi2\" rel=\"nofollow\">http:\/\/4sq.com\/bazEi2<\/a> <a href=\"http:\/\/twitter.com\/oskardahlbom\/statuses\/18848512603\" class=\"aktt_tweet_time\">#<\/a><\/li>\n<\/ul>\n","protected":false},"excerpt":{"rendered":"<p>Nej! \u00c4lskar American Splendor. RT @DesignObserver OBSERVED: Harvey Pekar Dead at 70: # H\u00e4rlig morgonstund. Jag bakar br\u00f6d. Gusten ritar ute p\u00e5 balkongen. http:\/\/twitpic.com\/24v4kt # @mogmatte Ja, jag kan t\u00e4nka mig att Gusten blir inspirerad n\u00e4r han m\u00e5lar. \ud83d\ude42 in reply to mogmatte # Damn right! RT @jasontimbuktu det \u00e4r Do The Right Thing v\u00e4der [&hellip;]<\/p>\n","protected":false},"author":1,"featured_media":0,"comment_status":"open","ping_status":"open","sticky":false,"template":"","format":"standard","meta":{"footnotes":""},"categories":[160,4],"tags":[509],"class_list":["post-403","post","type-post","status-publish","format-standard","hentry","category-arkiverat","category-twitter","tag-twitter"],"_links":{"self":[{"href":"http:\/\/oskardahlbom.se\/blogg\/index.php\/wp-json\/wp\/v2\/posts\/403","targetHints":{"allow":["GET"]}}],"collection":[{"href":"http:\/\/oskardahlbom.se\/blogg\/index.php\/wp-json\/wp\/v2\/posts"}],"about":[{"href":"http:\/\/oskardahlbom.se\/blogg\/index.php\/wp-json\/wp\/v2\/types\/post"}],"author":[{"embeddable":true,"href":"http:\/\/oskardahlbom.se\/blogg\/index.php\/wp-json\/wp\/v2\/users\/1"}],"replies":[{"embeddable":true,"href":"http:\/\/oskardahlbom.se\/blogg\/index.php\/wp-json\/wp\/v2\/comments?post=403"}],"version-history":[{"count":2,"href":"http:\/\/oskardahlbom.se\/blogg\/index.php\/wp-json\/wp\/v2\/posts\/403\/revisions"}],"predecessor-version":[{"id":450,"href":"http:\/\/oskardahlbom.se\/blogg\/index.php\/wp-json\/wp\/v2\/posts\/403\/revisions\/450"}],"wp:attachment":[{"href":"http:\/\/oskardahlbom.se\/blogg\/index.php\/wp-json\/wp\/v2\/media?parent=403"}],"wp:term":[{"taxonomy":"category","embeddable":true,"href":"http:\/\/oskardahlbom.se\/blogg\/index.php\/wp-json\/wp\/v2\/categories?post=403"},{"taxonomy":"post_tag","embeddable":true,"href":"http:\/\/oskardahlbom.se\/blogg\/index.php\/wp-json\/wp\/v2\/tags?post=403"}],"curies":[{"name":"wp","href":"https:\/\/api.w.org\/{rel}","templated":true}]}}