{"id":372,"date":"2010-03-07T22:59:00","date_gmt":"2010-03-07T21:59:00","guid":{"rendered":"http:\/\/oskardahlbom.se\/blogg\/index.php\/2010\/03\/07\/veckans-twitter-27\/"},"modified":"2010-03-07T22:59:00","modified_gmt":"2010-03-07T21:59:00","slug":"veckans-twitter-27","status":"publish","type":"post","link":"http:\/\/oskardahlbom.se\/blogg\/index.php\/2010\/03\/07\/veckans-twitter-27\/","title":{"rendered":"Veckans twitter"},"content":{"rendered":"<ul class=\"aktt_tweet_digest\">\n<li>God morgon fr\u00e5n Lund! Gr\u00e5tt h\u00e4r idag men mycket mindre sn\u00f6. S\u00f6dra Sverige FTW. <a href=\"http:\/\/twitter.com\/oskardahlbom\/statuses\/9814932505\" class=\"aktt_tweet_time\">#<\/a><\/li>\n<li>@<a href=\"http:\/\/twitter.com\/rockspindeln\" class=\"aktt_username\">rockspindeln<\/a> Ser mysigt ut. Bildrapportering fr\u00e5n promenaden till f\u00f6rskolan kommer snart. <a href=\"http:\/\/twitter.com\/rockspindeln\/statuses\/9815192670\" class=\"aktt_tweet_reply\">in reply to rockspindeln<\/a> <a href=\"http:\/\/twitter.com\/oskardahlbom\/statuses\/9815431997\" class=\"aktt_tweet_time\">#<\/a><\/li>\n<li>@<a href=\"http:\/\/twitter.com\/rockspindeln\" class=\"aktt_username\">rockspindeln<\/a> Ja, det har blivit mer och mer kala fl\u00e4ckar h\u00e4r. Mycket fulsn\u00f6. Hellre vitt \u00e4n detta. Fast denna v\u00e4derlek skvallrar om v\u00e5r. <a href=\"http:\/\/twitter.com\/rockspindeln\/statuses\/9815518223\" class=\"aktt_tweet_reply\">in reply to rockspindeln<\/a> <a href=\"http:\/\/twitter.com\/oskardahlbom\/statuses\/9815587329\" class=\"aktt_tweet_time\">#<\/a><\/li>\n<li>Till @<a href=\"http:\/\/twitter.com\/rockspindeln\" class=\"aktt_username\">rockspindeln<\/a> och alla andra norr om Sk\u00e5ne &#8211; s\u00e5 h\u00e4r ser barmark ut. Minns ni? <a href=\"http:\/\/twitpic.com\/1603lz\" rel=\"nofollow\">http:\/\/twitpic.com\/1603lz<\/a> <a href=\"http:\/\/twitter.com\/oskardahlbom\/statuses\/9816642614\" class=\"aktt_tweet_time\">#<\/a><\/li>\n<li>Idag bytte jag status fr\u00e5n &quot;Pappaledig&quot; till &quot;Jobbar&quot; i chattklienten. Sorgligt och roligt p\u00e5 samma g\u00e5ng. <a href=\"http:\/\/twitter.com\/oskardahlbom\/statuses\/9817640116\" class=\"aktt_tweet_time\">#<\/a><\/li>\n<li>@<a href=\"http:\/\/twitter.com\/gustavbates\" class=\"aktt_username\">gustavbates<\/a> Lite s\u00e5 ja. Slutet p\u00e5 en era. Men det har varit s\u00e5 fint och nu \u00e4r han ju stora killen p\u00e5 dagis. All tid har sin charm. <a href=\"http:\/\/twitter.com\/gustavbates\/statuses\/9817682058\" class=\"aktt_tweet_reply\">in reply to gustavbates<\/a> <a href=\"http:\/\/twitter.com\/oskardahlbom\/statuses\/9818000993\" class=\"aktt_tweet_time\">#<\/a><\/li>\n<li>@<a href=\"http:\/\/twitter.com\/rockspindeln\" class=\"aktt_username\">rockspindeln<\/a> Snyggt jobbat! Hurra! <a href=\"http:\/\/twitter.com\/rockspindeln\/statuses\/9818378255\" class=\"aktt_tweet_reply\">in reply to rockspindeln<\/a> <a href=\"http:\/\/twitter.com\/oskardahlbom\/statuses\/9818508446\" class=\"aktt_tweet_time\">#<\/a><\/li>\n<li>Kort arbetsdag idag. Gustens fr\u00f6ken \u00e4r sjuk och han kan inte sova d\u00e4r d\u00e5. Tydligen. Jobbigt. Men han f\u00e5r ju komma hem till pappa. <a href=\"http:\/\/twitter.com\/oskardahlbom\/statuses\/9819252457\" class=\"aktt_tweet_time\">#<\/a><\/li>\n<li>@<a href=\"http:\/\/twitter.com\/rockspindeln\" class=\"aktt_username\">rockspindeln<\/a> Det \u00e4r det viktigaste. Det ska vara roligt! En g\u00e5ng \u00f6verraskade vi med en kille i apdr\u00e4kt under en presentation. Uppskattat! <a href=\"http:\/\/twitter.com\/rockspindeln\/statuses\/9818933375\" class=\"aktt_tweet_reply\">in reply to rockspindeln<\/a> <a href=\"http:\/\/twitter.com\/oskardahlbom\/statuses\/9819295441\" class=\"aktt_tweet_time\">#<\/a><\/li>\n<li>@<a href=\"http:\/\/twitter.com\/rockspindeln\" class=\"aktt_username\">rockspindeln<\/a> Vaaa? Herregud! JAG d\u00f6r och blir sv\u00e5rt avundsjuk. Ber\u00e4tta allt! Nyanserna, s\u00f6tman, eftersmaken, konsistensen. #<a href=\"http:\/\/search.twitter.com\/search?q=%23glass\" class=\"aktt_hashtag\">glass<\/a> <a href=\"http:\/\/twitter.com\/rockspindeln\/statuses\/9821640266\" class=\"aktt_tweet_reply\">in reply to rockspindeln<\/a> <a href=\"http:\/\/twitter.com\/oskardahlbom\/statuses\/9822710674\" class=\"aktt_tweet_time\">#<\/a><\/li>\n<li>@<a href=\"http:\/\/twitter.com\/rockspindeln\" class=\"aktt_username\">rockspindeln<\/a> Ojojoj! L\u00e5ter himmelskt. En ny favvo allts\u00e5? Den b\u00e4sta B&amp;J &#8211; ever? <a href=\"http:\/\/twitter.com\/rockspindeln\/statuses\/9822788631\" class=\"aktt_tweet_reply\">in reply to rockspindeln<\/a> <a href=\"http:\/\/twitter.com\/oskardahlbom\/statuses\/9823672567\" class=\"aktt_tweet_time\">#<\/a><\/li>\n<li>@<a href=\"http:\/\/twitter.com\/rockspindeln\" class=\"aktt_username\">rockspindeln<\/a> N\u00e4r kommer den till butik? #<a href=\"http:\/\/search.twitter.com\/search?q=%23ocks\" class=\"aktt_hashtag\">ocks<\/a><br \/>\n","protected":false},"excerpt":{"rendered":"<p>God morgon fr\u00e5n Lund! Gr\u00e5tt h\u00e4r idag men mycket mindre sn\u00f6. S\u00f6dra Sverige FTW. # @rockspindeln Ser mysigt ut. Bildrapportering fr\u00e5n promenaden till f\u00f6rskolan kommer snart. in reply to rockspindeln # @rockspindeln Ja, det har blivit mer och mer kala fl\u00e4ckar h\u00e4r. Mycket fulsn\u00f6. Hellre vitt \u00e4n detta. Fast denna v\u00e4derlek skvallrar om v\u00e5r. in [&hellip;]<\/p>\n","protected":false},"author":1,"featured_media":0,"comment_status":"open","ping_status":"open","sticky":false,"template":"","format":"standard","meta":{"footnotes":""},"categories":[4],"tags":[509],"class_list":["post-372","post","type-post","status-publish","format-standard","hentry","category-twitter","tag-twitter"],"_links":{"self":[{"href":"http:\/\/oskardahlbom.se\/blogg\/index.php\/wp-json\/wp\/v2\/posts\/372","targetHints":{"allow":["GET"]}}],"collection":[{"href":"http:\/\/oskardahlbom.se\/blogg\/index.php\/wp-json\/wp\/v2\/posts"}],"about":[{"href":"http:\/\/oskardahlbom.se\/blogg\/index.php\/wp-json\/wp\/v2\/types\/post"}],"author":[{"embeddable":true,"href":"http:\/\/oskardahlbom.se\/blogg\/index.php\/wp-json\/wp\/v2\/users\/1"}],"replies":[{"embeddable":true,"href":"http:\/\/oskardahlbom.se\/blogg\/index.php\/wp-json\/wp\/v2\/comments?post=372"}],"version-history":[{"count":0,"href":"http:\/\/oskardahlbom.se\/blogg\/index.php\/wp-json\/wp\/v2\/posts\/372\/revisions"}],"wp:attachment":[{"href":"http:\/\/oskardahlbom.se\/blogg\/index.php\/wp-json\/wp\/v2\/media?parent=372"}],"wp:term":[{"taxonomy":"category","embeddable":true,"href":"http:\/\/oskardahlbom.se\/blogg\/index.php\/wp-json\/wp\/v2\/categories?post=372"},{"taxonomy":"post_tag","embeddable":true,"href":"http:\/\/oskardahlbom.se\/blogg\/index.php\/wp-json\/wp\/v2\/tags?post=372"}],"curies":[{"name":"wp","href":"https:\/\/api.w.org\/{rel}","templated":true}]}}