{"id":3437,"date":"2013-04-24T18:05:19","date_gmt":"2013-04-24T17:05:19","guid":{"rendered":"http:\/\/oskardahlbom.se\/blogg\/?p=3437"},"modified":"2013-04-28T20:00:48","modified_gmt":"2013-04-28T19:00:48","slug":"arets-marknadsforare-blogg100","status":"publish","type":"post","link":"http:\/\/oskardahlbom.se\/blogg\/index.php\/2013\/04\/24\/arets-marknadsforare-blogg100\/","title":{"rendered":"\u00c5rets marknadsf\u00f6rare #blogg100"},"content":{"rendered":"<p><a href=\"http:\/\/oskardahlbom.se\/blogg\/wp-content\/uploads\/2013\/04\/20130428-204824.jpg\"><img decoding=\"async\" src=\"http:\/\/oskardahlbom.se\/blogg\/wp-content\/uploads\/2013\/04\/20130428-204824.jpg\" alt=\"20130428-204824.jpg\" class=\"alignnone size-full\" \/><\/a><\/p>\n<p>2011 fick vi p\u00e5 <a href=\"http:\/\/kraenku.se\">Kr\u00e4nku<\/a> utm\u00e4rkelsen \u00e5rets marknadsf\u00f6rare av <a href=\"http:\/\/www.marknadsforeningengotland.se\/\">Marknadsf\u00f6reningen p\u00e5 Gotland<\/a>. Jag fick d\u00e5 min f\u00f6rsta kontakt med det h\u00e4rliga g\u00e4nget i marknadsf\u00f6reningen och jag beh\u00f6vde inte tveka l\u00e4nge n\u00e4r de ringde i b\u00f6rjan p\u00e5 \u00e5ret och fr\u00e5gade om jag ville vara med i styrelsen. I h\u00f6stas s\u00e5 uts\u00e5g f\u00f6reningen 2012 \u00e5rs marknadsf\u00f6rare och f\u00f6retaget som fick f\u00f6ra Kr\u00e4nkus fana vidare blev <a href=\"http:\/\/www.gotlandsflyg.se\/sv\/\">Gotlandsflyg<\/a>. V\u00e4lf\u00f6rtj\u00e4nt och lite extra roligt eftersom vi har ett n\u00e4ra samarbete med Gotlandsflyg och de serverar Guteblandning p\u00e5 sina flighter. <\/p>\n<p>I m\u00e5ndags var det dags f\u00f6r den sedvanliga tr\u00e4ffen hos det f\u00f6retaget som tar hem titeln. S\u00e5 marknadsf\u00f6reningen bj\u00f6d ut alla som ville till Visby flygplats d\u00e4r Gotlandsflyg stod f\u00f6r lunch och en f\u00f6rel\u00e4sning av verksamhetschef Ola Mattsson. Det var riktigt sp\u00e4nnande att lyssna p\u00e5 Ola och hur genomt\u00e4nkt deras marknadsf\u00f6ring \u00e4r och hur de aldrig st\u00e5r still. F\u00f6rutom deras k\u00e4rnv\u00e4rden tempo, hj\u00e4rta och ansvar s\u00e5 finns \u00e4ven en stor del humor och vilja att prova p\u00e5 nya saker i deras f\u00f6retagskultur. Just humorn och nyfikenheten n\u00e4mndes \u00e4ven i motiveringen n\u00e4r Kr\u00e4nku blev \u00e5rets marknadsf\u00f6rare, s\u00e5 det kanske \u00e4r n\u00e5got att sikta p\u00e5? <\/p>\n<p>Vidare pratade Ola om s\u00e5dana, till synes, sm\u00e5 saker som att personalen helst inte ska ha jobbat inom flygbranschen tidigare, f\u00f6r att komma in med ny luft, och att alla roteras att jobba b\u00e5de p\u00e5 golvet och i luften f\u00f6r en \u00e4nnu mer personlig service.<\/p>\n<p>En otroligt intressant och inspirerande f\u00f6rel\u00e4sning. Nu blir det sp\u00e4nnande att se vem som plockar hem titeln 2013.<\/p>\n<p><a href=\"http:\/\/oskardahlbom.se\/blogg\/wp-content\/uploads\/2013\/04\/20130428-204845.jpg\"><img decoding=\"async\" src=\"http:\/\/oskardahlbom.se\/blogg\/wp-content\/uploads\/2013\/04\/20130428-204845.jpg\" alt=\"20130428-204845.jpg\" class=\"alignnone size-full\" \/><\/a><\/p>\n<p><a href=\"http:\/\/oskardahlbom.se\/blogg\/wp-content\/uploads\/2013\/04\/20130428-204912.jpg\"><img decoding=\"async\" src=\"http:\/\/oskardahlbom.se\/blogg\/wp-content\/uploads\/2013\/04\/20130428-204912.jpg\" alt=\"20130428-204912.jpg\" class=\"alignnone size-full\" \/><\/a><\/p>\n<p><a href=\"http:\/\/oskardahlbom.se\/blogg\/wp-content\/uploads\/2013\/04\/20130428-204928.jpg\"><img decoding=\"async\" src=\"http:\/\/oskardahlbom.se\/blogg\/wp-content\/uploads\/2013\/04\/20130428-204928.jpg\" alt=\"20130428-204928.jpg\" class=\"alignnone size-full\" \/><\/a><\/p>\n","protected":false},"excerpt":{"rendered":"<p>2011 fick vi p\u00e5 Kr\u00e4nku utm\u00e4rkelsen \u00e5rets marknadsf\u00f6rare av Marknadsf\u00f6reningen p\u00e5 Gotland. Jag fick d\u00e5 min f\u00f6rsta kontakt med det h\u00e4rliga g\u00e4nget i marknadsf\u00f6reningen och jag beh\u00f6vde inte tveka l\u00e4nge n\u00e4r de ringde i b\u00f6rjan p\u00e5 \u00e5ret och fr\u00e5gade om jag ville vara med i styrelsen. I h\u00f6stas s\u00e5 uts\u00e5g f\u00f6reningen 2012 \u00e5rs marknadsf\u00f6rare och [&hellip;]<\/p>\n","protected":false},"author":1,"featured_media":0,"comment_status":"open","ping_status":"open","sticky":false,"template":"","format":"standard","meta":{"footnotes":""},"categories":[285,494],"tags":[492,362,493],"class_list":["post-3437","post","type-post","status-publish","format-standard","hentry","category-blogg100","category-marknadsforing-2","tag-gotlandsflyg","tag-marknadsforeningen-gotland","tag-marknadsforing"],"_links":{"self":[{"href":"http:\/\/oskardahlbom.se\/blogg\/index.php\/wp-json\/wp\/v2\/posts\/3437","targetHints":{"allow":["GET"]}}],"collection":[{"href":"http:\/\/oskardahlbom.se\/blogg\/index.php\/wp-json\/wp\/v2\/posts"}],"about":[{"href":"http:\/\/oskardahlbom.se\/blogg\/index.php\/wp-json\/wp\/v2\/types\/post"}],"author":[{"embeddable":true,"href":"http:\/\/oskardahlbom.se\/blogg\/index.php\/wp-json\/wp\/v2\/users\/1"}],"replies":[{"embeddable":true,"href":"http:\/\/oskardahlbom.se\/blogg\/index.php\/wp-json\/wp\/v2\/comments?post=3437"}],"version-history":[{"count":5,"href":"http:\/\/oskardahlbom.se\/blogg\/index.php\/wp-json\/wp\/v2\/posts\/3437\/revisions"}],"predecessor-version":[{"id":3446,"href":"http:\/\/oskardahlbom.se\/blogg\/index.php\/wp-json\/wp\/v2\/posts\/3437\/revisions\/3446"}],"wp:attachment":[{"href":"http:\/\/oskardahlbom.se\/blogg\/index.php\/wp-json\/wp\/v2\/media?parent=3437"}],"wp:term":[{"taxonomy":"category","embeddable":true,"href":"http:\/\/oskardahlbom.se\/blogg\/index.php\/wp-json\/wp\/v2\/categories?post=3437"},{"taxonomy":"post_tag","embeddable":true,"href":"http:\/\/oskardahlbom.se\/blogg\/index.php\/wp-json\/wp\/v2\/tags?post=3437"}],"curies":[{"name":"wp","href":"https:\/\/api.w.org\/{rel}","templated":true}]}}